{"id":1025,"date":"2016-08-23T16:48:46","date_gmt":"2016-08-23T14:48:46","guid":{"rendered":"http:\/\/francescorenga.it\/ita\/?p=1025"},"modified":"2016-08-23T16:55:22","modified_gmt":"2016-08-23T14:55:22","slug":"francesco-renga-bologna-radio-bruno-estate-2016","status":"publish","type":"post","link":"https:\/\/francescorenga.it\/ita\/2016\/08\/23\/francesco-renga-bologna-radio-bruno-estate-2016\/","title":{"rendered":"4\/09 Bologna Radio Bruno"},"content":{"rendered":"<p style=\"text-align: center;\"><a href=\"http:\/\/francescorenga.it\/ita\/wp-content\/uploads\/2016\/08\/radio-bruno-estate-2016.jpg\"><img loading=\"lazy\" decoding=\"async\" class=\"aligncenter  wp-image-1026\" alt=\"radio bruno estate 2016\" src=\"http:\/\/francescorenga.it\/ita\/wp-content\/uploads\/2016\/08\/radio-bruno-estate-2016.jpg\" width=\"463\" height=\"237\" srcset=\"https:\/\/francescorenga.it\/ita\/wp-content\/uploads\/2016\/08\/radio-bruno-estate-2016.jpg 724w, https:\/\/francescorenga.it\/ita\/wp-content\/uploads\/2016\/08\/radio-bruno-estate-2016-300x153.jpg 300w, https:\/\/francescorenga.it\/ita\/wp-content\/uploads\/2016\/08\/radio-bruno-estate-2016-125x63.jpg 125w\" sizes=\"auto, (max-width: 463px) 100vw, 463px\" \/><\/a><\/p>\n<p>Domenica <strong>04 Settembre<\/strong> Francesco sar\u00e0 a <strong>Bologna<\/strong> per il grande evento organizzato da Radio Bruno: &#8220;<strong>Radio Bruno Estate 2016<\/strong>&#8221; che vedr\u00e0 salire sul palco moltissimi artisti.<\/p>\n<p>L&#8217;appuntamento sar\u00e0 a partire dalle ore<strong> 20.00<\/strong> in <strong>Piazza Maggiore<\/strong>, l&#8217;ingresso sar\u00e0 gratuito e si potr\u00e0 seguire la diretta in TV su\u00a0<strong>Radio Bruno TV<\/strong>,\u00a0<strong>canale 683<\/strong>\u00a0del digitale terrestre.<\/p>\n<p>Tutte le informazioni su <span style=\"color: #33cccc;\"><strong><a title=\"radio bruno estate 2016 francesco renga\" href=\"http:\/\/www.radiobruno.it\/radio-bruno-estate\/radio-bruno-estate-2016-bologna\/\" target=\"_blank\"><span style=\"color: #33cccc;\">www.radiobruno.it<br \/>\n<\/span><\/a><\/strong><\/span><\/p>\n<p>#RadioBrunoEstate #RBE16<\/p>\n","protected":false},"excerpt":{"rendered":"<p>Domenica 04 Settembre Francesco sar\u00e0 a Bologna per il grande evento organizzato da Radio Bruno: &#8220;Radio Bruno Estate 2016&#8221; che vedr\u00e0 salire sul palco moltissimi artisti. L&#8217;appuntamento sar\u00e0 a partire dalle ore 20.00 in Piazza Maggiore, l&#8217;ingresso sar\u00e0 gratuito e&hellip;<\/p>\n","protected":false},"author":2,"featured_media":0,"comment_status":"closed","ping_status":"closed","sticky":false,"template":"","format":"standard","meta":{"_exactmetrics_skip_tracking":false,"_exactmetrics_sitenote_active":false,"_exactmetrics_sitenote_note":"","_exactmetrics_sitenote_category":0,"footnotes":""},"categories":[55,20],"tags":[213,214,173,21,212],"post_series":[],"class_list":["post-1025","post","type-post","status-publish","format-standard","hentry","category-appuntamenti","category-notizie","tag-213","tag-bologna","tag-estate","tag-francesco-renga","tag-radio-bruno","entry","no-media"],"_links":{"self":[{"href":"https:\/\/francescorenga.it\/ita\/wp-json\/wp\/v2\/posts\/1025","targetHints":{"allow":["GET"]}}],"collection":[{"href":"https:\/\/francescorenga.it\/ita\/wp-json\/wp\/v2\/posts"}],"about":[{"href":"https:\/\/francescorenga.it\/ita\/wp-json\/wp\/v2\/types\/post"}],"author":[{"embeddable":true,"href":"https:\/\/francescorenga.it\/ita\/wp-json\/wp\/v2\/users\/2"}],"replies":[{"embeddable":true,"href":"https:\/\/francescorenga.it\/ita\/wp-json\/wp\/v2\/comments?post=1025"}],"version-history":[{"count":4,"href":"https:\/\/francescorenga.it\/ita\/wp-json\/wp\/v2\/posts\/1025\/revisions"}],"predecessor-version":[{"id":1030,"href":"https:\/\/francescorenga.it\/ita\/wp-json\/wp\/v2\/posts\/1025\/revisions\/1030"}],"wp:attachment":[{"href":"https:\/\/francescorenga.it\/ita\/wp-json\/wp\/v2\/media?parent=1025"}],"wp:term":[{"taxonomy":"category","embeddable":true,"href":"https:\/\/francescorenga.it\/ita\/wp-json\/wp\/v2\/categories?post=1025"},{"taxonomy":"post_tag","embeddable":true,"href":"https:\/\/francescorenga.it\/ita\/wp-json\/wp\/v2\/tags?post=1025"},{"taxonomy":"post_series","embeddable":true,"href":"https:\/\/francescorenga.it\/ita\/wp-json\/wp\/v2\/post_series?post=1025"}],"curies":[{"name":"wp","href":"https:\/\/api.w.org\/{rel}","templated":true}]}}