{"id":1257,"date":"2017-06-29T11:14:23","date_gmt":"2017-06-29T09:14:23","guid":{"rendered":"http:\/\/francescorenga.it\/ita\/?p=1257"},"modified":"2017-06-29T11:14:23","modified_gmt":"2017-06-29T09:14:23","slug":"rilive-palermo","status":"publish","type":"post","link":"https:\/\/francescorenga.it\/ita\/2017\/06\/29\/rilive-palermo\/","title":{"rendered":"RILIVE &#8211; Palermo"},"content":{"rendered":"<p><a href=\"http:\/\/francescorenga.it\/ita\/wp-content\/uploads\/2017\/06\/radio-italia-live.jpeg\"><img loading=\"lazy\" decoding=\"async\" class=\"alignleft size-full wp-image-1258\" alt=\"radio italia live francesco renga\" src=\"http:\/\/francescorenga.it\/ita\/wp-content\/uploads\/2017\/06\/radio-italia-live.jpeg\" width=\"300\" height=\"295\" srcset=\"https:\/\/francescorenga.it\/ita\/wp-content\/uploads\/2017\/06\/radio-italia-live.jpeg 750w, https:\/\/francescorenga.it\/ita\/wp-content\/uploads\/2017\/06\/radio-italia-live-300x296.jpeg 300w, https:\/\/francescorenga.it\/ita\/wp-content\/uploads\/2017\/06\/radio-italia-live-125x123.jpeg 125w\" sizes=\"auto, (max-width: 300px) 100vw, 300px\" \/><\/a><\/p>\n<p>&nbsp;<\/p>\n<p>&nbsp;<\/p>\n<p>Domani sera, 30 giugno, Francesco sar\u00e0 tra gli artisti che si esibiranno al concerto <strong>Radio Italia Live<\/strong> a <strong>Palermo<\/strong>.<\/p>\n<p>L&#8217;evento si terr\u00e0 al Foro Italico ed \u00e8 ad ingresso gratuito.<br \/>\nPer consentire lo svolgimento della manifestazione nel massimo della <strong>sicurezza<\/strong> consultate le relative <strong>disposizioni<\/strong> <span style=\"text-decoration: underline;\"><span style=\"color: #33cccc;\"><strong><a title=\"radio italia live palermo\" href=\"http:\/\/www.radioitalia.it\/partnership\/spettacoli\/420\/disposizioni_di_sicurezza.php\" target=\"_blank\"><span style=\"color: #33cccc; text-decoration: underline;\">pubblicate sul sito di Radio Italia<\/span><\/a><\/strong><\/span><\/span>.<\/p>\n","protected":false},"excerpt":{"rendered":"<p>&nbsp; &nbsp; Domani sera, 30 giugno, Francesco sar\u00e0 tra gli artisti che si esibiranno al concerto Radio Italia Live a Palermo. L&#8217;evento si terr\u00e0 al Foro Italico ed \u00e8 ad ingresso gratuito. Per consentire lo svolgimento della manifestazione nel massimo&hellip;<\/p>\n","protected":false},"author":2,"featured_media":0,"comment_status":"closed","ping_status":"closed","sticky":false,"template":"","format":"standard","meta":{"_exactmetrics_skip_tracking":false,"_exactmetrics_sitenote_active":false,"_exactmetrics_sitenote_note":"","_exactmetrics_sitenote_category":0,"footnotes":""},"categories":[55,20],"tags":[],"post_series":[],"class_list":["post-1257","post","type-post","status-publish","format-standard","hentry","category-appuntamenti","category-notizie","entry","no-media"],"_links":{"self":[{"href":"https:\/\/francescorenga.it\/ita\/wp-json\/wp\/v2\/posts\/1257","targetHints":{"allow":["GET"]}}],"collection":[{"href":"https:\/\/francescorenga.it\/ita\/wp-json\/wp\/v2\/posts"}],"about":[{"href":"https:\/\/francescorenga.it\/ita\/wp-json\/wp\/v2\/types\/post"}],"author":[{"embeddable":true,"href":"https:\/\/francescorenga.it\/ita\/wp-json\/wp\/v2\/users\/2"}],"replies":[{"embeddable":true,"href":"https:\/\/francescorenga.it\/ita\/wp-json\/wp\/v2\/comments?post=1257"}],"version-history":[{"count":2,"href":"https:\/\/francescorenga.it\/ita\/wp-json\/wp\/v2\/posts\/1257\/revisions"}],"predecessor-version":[{"id":1260,"href":"https:\/\/francescorenga.it\/ita\/wp-json\/wp\/v2\/posts\/1257\/revisions\/1260"}],"wp:attachment":[{"href":"https:\/\/francescorenga.it\/ita\/wp-json\/wp\/v2\/media?parent=1257"}],"wp:term":[{"taxonomy":"category","embeddable":true,"href":"https:\/\/francescorenga.it\/ita\/wp-json\/wp\/v2\/categories?post=1257"},{"taxonomy":"post_tag","embeddable":true,"href":"https:\/\/francescorenga.it\/ita\/wp-json\/wp\/v2\/tags?post=1257"},{"taxonomy":"post_series","embeddable":true,"href":"https:\/\/francescorenga.it\/ita\/wp-json\/wp\/v2\/post_series?post=1257"}],"curies":[{"name":"wp","href":"https:\/\/api.w.org\/{rel}","templated":true}]}}