{"id":2312,"date":"2019-05-27T11:36:58","date_gmt":"2019-05-27T09:36:58","guid":{"rendered":"https:\/\/francescorenga.it\/ita\/?p=2312"},"modified":"2019-05-27T11:36:58","modified_gmt":"2019-05-27T09:36:58","slug":"prima-o-poi-nuovo-singolo-in-uscita","status":"publish","type":"post","link":"https:\/\/francescorenga.it\/ita\/2019\/05\/27\/prima-o-poi-nuovo-singolo-in-uscita\/","title":{"rendered":"&#8220;Prima o poi&#8221; NUOVO SINGOLO IN USCITA"},"content":{"rendered":"<h1 style=\"text-align: center;\"><strong> VENERD\u00cc 31 MAGGIO IN RADIO<\/strong><\/h1>\n<h1 style=\"text-align: center;\"><em>\u201c<\/em><strong>PRIMA O POI<\/strong><em>\u201d<\/em><\/h1>\n<h1 style=\"text-align: center;\"><strong>il nuovo singolo estratto dall\u2019ultimo album<\/strong><\/h1>\n<h1 style=\"text-align: center;\">\u201c<strong>L\u2019ALTRA MET\u00c0<\/strong>\u201d<\/h1>\n<h1 style=\"text-align: center;\"><strong>\u00a0<\/strong><\/h1>\n<h2 style=\"text-align: center;\"><strong>Questa sera in concerto all\u2019<\/strong><strong><em>ARENA DI VERONA <\/em><\/strong><strong>e<\/strong><\/h2>\n<h2 style=\"text-align: center;\"><strong>il 13 giugno al <\/strong><strong><em>TEATRO ANTICO<\/em><\/strong><strong> di TAORMINA<\/strong><\/h2>\n<h2 style=\"text-align: center;\"><strong>presenta per la prima volta live al pubblico<\/strong><\/h2>\n<h2 style=\"text-align: center;\">\u00a0\u201c<strong>L\u2019ALTRA MET\u00c0<\/strong>\u201d<\/h2>\n<h2 style=\"text-align: center;\"><em>\u00a0<\/em><strong>\u00a0<\/strong><\/h2>\n<h3 style=\"text-align: center;\"><strong>AL VIA IN AUTUNNO NEI <\/strong><strong>TEATRI D\u2019ITALIA<\/strong><\/h3>\n<h3 style=\"text-align: center;\">\u201c<strong>L\u2019ALTRA MET\u00c0<\/strong> <strong>TOUR<\/strong>\u201d<\/h3>\n<h3 style=\"text-align: center;\"><strong>E <\/strong><strong>A <\/strong><strong>MAGGIO 2020<\/strong><strong> LIVE ANCHE IN <\/strong><strong>EUROPA<\/strong><strong>!<\/strong><\/h3>\n<p>&nbsp;<\/p>\n<p class=\"p1\" style=\"text-align: justify;\"><span class=\"s1\"><b>\u201cPRIMA O POI\u201d \u00e8 il nuovo singolo di Francesco Renga!<\/b><\/span><\/p>\n<p class=\"p1\" style=\"text-align: justify;\"><span class=\"s1\"><b>Il brano, in radio da venerd\u00ec 31 maggio, porta la firma di Gazzelle, Luca Serpenti e dello stesso Francesco ed \u00e8 estratto dall\u2019ultimo e ottavo disco di inediti \u201c<i>L\u2019ALTRA MET\u00c0<\/i>\u201d. Album che per la prima volta Francesco presenter\u00e0 live al suo pubblico questa sera, luned\u00ec 27 maggio, all\u2019Arena di Verona e gioved\u00ec 13 giugno al Teatro Antico di Taormina, due anteprime di un tour, nei pi\u00f9 prestigiosi teatri italiani, che prender\u00e0 il via l\u201911 e il 12 ottobre dal Teatro Arcimboldi di Milano. <\/b><\/span><\/p>\n<p class=\"p1\" style=\"text-align: justify;\"><span class=\"s1\"><b>Durante \u201cVERONA E TAORMINA LIVE 2019\u201d, Francesco sorprender\u00e0 il suo pubblico con uno spettacolo coinvolgente ed emozionante e una scaletta tutta nuova, in cui troveranno spazio anche le indimenticabili hit del suo repertorio. Sul palco insieme a Francesco i musicisti Fulvio Arnoldi <\/b>(chitarra acustica<b> <\/b>e tastiere),<b> Vincenzo Messina <\/b>(pianoforte e tastiere),<b> Stefano Brandoni <\/b>(chitarre), <b>Heggy Vezzano <\/b>(chitarre),<b> Phil Mer<\/b> (batteria)<b> e Gabriele Cannarozzo <\/b>(basso). <\/span><\/p>\n<p class=\"p1\" style=\"text-align: justify;\"><span class=\"s1\"><b>I biglietti per gli show sono in prevendita sul sito di TicketOne.<\/b><\/span><\/p>\n<p class=\"p1\" style=\"text-align: justify;\"><span class=\"s1\"><b>L\u2019album <i>\u201cL\u2019altra met\u00e0<\/i>\u201d,<\/b> prodotto da <b>Michele Canova Iorfida, <\/b>\u00e8 composto da <b>12 brani dal sound e dal linguaggio contemporaneo.<span class=\"Apple-converted-space\">\u00a0 <\/span>Il nuovo album rappresenta<\/b> <b><i>l\u2019altra met\u00e0<\/i> della vita, della storia, della musica di Francesco Renga<\/b>: <b>un altro capitolo, caratterizzato da nuove consapevolezze e forme, sonore e linguistiche. <\/b><\/span><\/p>\n<p class=\"p1\" style=\"text-align: justify;\"><span class=\"s1\"><b>Attuale e variegata anche la scelta degli autori con cui Francesco ha collaborato per la scrittura del nuovo disco:<\/b> Paolo Antonacci, Bungaro, Cesare Chiodo, Daniele Conti, Simone Cremonini, Antonio Di Martino, Matteo Grandi, Daniele Lazzarin (Danti), Leo Pari, Flavio Pardini (Gazzelle), Rakele, Edwyn Roberts, Luca Serpenti, Davide Simonetta, Patrizio Simonini, Ultimo, Lorenzo Urciullo (Colapesce), Fortunato Zampaglione, Michele Zocca.<\/span><\/p>\n<p class=\"p1\" style=\"text-align: justify;\"><span class=\"s1\"><b>Questa la tracklist de<\/b> \u201c<b>L\u2019ALTRA MET\u00c0<\/b>\u201d: \u201c<i>Aspetto che torni<\/i>\u201d, \u201c<i>L\u2019unica risposta<\/i>\u201d, \u201c<i>Bacon<\/i>\u201d, \u201c<i>Finire anche noi<\/i>\u201d, \u201c<i>L&#8217;odore del caff\u00e8<\/i>\u201d, \u201c<i>Meglio di notte<\/i>\u201d, \u201c<i>Dentro ogni sbaglio commesso<\/i>\u201d, \u201c<i>Improvvisamente<\/i>\u201d, \u201c<i>Sbaglio perfetto<\/i>\u201d, \u201c<i>Prima o poi<\/i>\u201d, \u201c<i>L\u2019amore del mostro<\/i>\u201d, \u201c<i>Oltre<\/i>\u201d.<\/span><\/p>\n<p class=\"p1\"><span class=\"s1\"><b>Dall\u201911 ottobre<\/b>, invece, <b>Francesco<\/b> <b>sar\u00e0 protagonista sui palchi dei pi\u00f9 prestigiosi teatri italiani.<\/b> <b>Queste le date del tour<\/b>, prodotto e organizzato da Friends &amp; Partner<b>: <\/b><\/span><\/p>\n<p style=\"text-align: justify;\"><b>Dall\u201911 ottobre<\/b>, invece,\u00a0<b>Francesco<\/b>\u00a0<b>sar\u00e0 protagonista sui palchi dei pi\u00f9 prestigiosi teatri italiani.<br \/>\n<\/b><strong>L<\/strong><b>e date del tour<\/b>, prodotto e organizzato da Friends &amp; Partner<b>, sono disponibili qui:<\/b><\/p>\n<div class=\"textcenter theme-button-wrap wpex-clr\"><a href=\"https:\/\/francescorenga.it\/ita\/live\/\" title=\"Visit Site\" class=\"vcex-button theme-button flat black medium align-center inline\" rel=\"none\"><span class=\"theme-button-inner\">L&#8217;ALTRA MET<span class=\"s1\">\u00c0 TOUR<\/span><\/span><\/a><\/div> \n<p>&nbsp;<\/p>\n<p style=\"text-align: justify;\"><strong>I <\/strong><strong>biglietti per le date del tour teatrale sono disponibili sul sito di TicketOne e nei punti vendita abituali.<\/strong> <strong>Radio partner degli appuntamenti live italiani \u00e8 RTL 102.5<\/strong><\/p>\n<p style=\"text-align: justify;\"><strong>A maggio 2020, Francesco Renga si esibir\u00e0 anche all\u2019estero con una serie di appuntamenti live nelle principali citt\u00e0 d\u2019Europa, tra cui Londra, Parigi e Madrid.<\/strong><strong>Queste le date del tour europeo, <\/strong>prodotto e organizzato da Friends &amp; Partners:<\/p>\n","protected":false},"excerpt":{"rendered":"<p>VENERD\u00cc 31 MAGGIO IN RADIO \u201cPRIMA O POI\u201d il nuovo singolo estratto dall\u2019ultimo album \u201cL\u2019ALTRA MET\u00c0\u201d \u00a0 Questa sera in concerto all\u2019ARENA DI VERONA e il 13 giugno al TEATRO ANTICO di TAORMINA presenta per la prima volta live al&hellip;<\/p>\n","protected":false},"author":2,"featured_media":2273,"comment_status":"closed","ping_status":"closed","sticky":false,"template":"","format":"standard","meta":{"_exactmetrics_skip_tracking":false,"_exactmetrics_sitenote_active":false,"_exactmetrics_sitenote_note":"","_exactmetrics_sitenote_category":0,"footnotes":""},"categories":[1],"tags":[],"post_series":[],"class_list":["post-2312","post","type-post","status-publish","format-standard","has-post-thumbnail","hentry","category-senza-categoria","entry","has-media"],"_links":{"self":[{"href":"https:\/\/francescorenga.it\/ita\/wp-json\/wp\/v2\/posts\/2312","targetHints":{"allow":["GET"]}}],"collection":[{"href":"https:\/\/francescorenga.it\/ita\/wp-json\/wp\/v2\/posts"}],"about":[{"href":"https:\/\/francescorenga.it\/ita\/wp-json\/wp\/v2\/types\/post"}],"author":[{"embeddable":true,"href":"https:\/\/francescorenga.it\/ita\/wp-json\/wp\/v2\/users\/2"}],"replies":[{"embeddable":true,"href":"https:\/\/francescorenga.it\/ita\/wp-json\/wp\/v2\/comments?post=2312"}],"version-history":[{"count":5,"href":"https:\/\/francescorenga.it\/ita\/wp-json\/wp\/v2\/posts\/2312\/revisions"}],"predecessor-version":[{"id":2317,"href":"https:\/\/francescorenga.it\/ita\/wp-json\/wp\/v2\/posts\/2312\/revisions\/2317"}],"wp:featuredmedia":[{"embeddable":true,"href":"https:\/\/francescorenga.it\/ita\/wp-json\/wp\/v2\/media\/2273"}],"wp:attachment":[{"href":"https:\/\/francescorenga.it\/ita\/wp-json\/wp\/v2\/media?parent=2312"}],"wp:term":[{"taxonomy":"category","embeddable":true,"href":"https:\/\/francescorenga.it\/ita\/wp-json\/wp\/v2\/categories?post=2312"},{"taxonomy":"post_tag","embeddable":true,"href":"https:\/\/francescorenga.it\/ita\/wp-json\/wp\/v2\/tags?post=2312"},{"taxonomy":"post_series","embeddable":true,"href":"https:\/\/francescorenga.it\/ita\/wp-json\/wp\/v2\/post_series?post=2312"}],"curies":[{"name":"wp","href":"https:\/\/api.w.org\/{rel}","templated":true}]}}