{"id":2413,"date":"2019-10-21T15:52:24","date_gmt":"2019-10-21T13:52:24","guid":{"rendered":"https:\/\/francescorenga.it\/ita\/?p=2413"},"modified":"2019-10-21T15:52:24","modified_gmt":"2019-10-21T13:52:24","slug":"il-25-ottobre-il-singolo-inedito-normale-feat-ermal-meta","status":"publish","type":"post","link":"https:\/\/francescorenga.it\/ita\/2019\/10\/21\/il-25-ottobre-il-singolo-inedito-normale-feat-ermal-meta\/","title":{"rendered":"Il 25 ottobre il singolo inedito \u201cNORMALE\u201d feat. ERMAL META"},"content":{"rendered":"<h1 style=\"text-align: center;\"><strong>Il 25 ottobre esce il singolo inedito<br \/>\n<\/strong><strong>\u201c<em>NORMALE<\/em>\u201d <\/strong><strong>feat. ERMAL META<\/strong><\/h1>\n<h2 style=\"text-align: center;\"><strong>in radio e sulle piattaforme digitali<br \/>\n<\/strong><strong>e da oggi in pre-order e pre-save<\/strong><\/h2>\n<h2 style=\"text-align: center;\"><strong><br \/>\n<\/strong><strong><a href=\"https:\/\/eur01.safelinks.protection.outlook.com\/?url=https%3A%2F%2FSMI.lnk.to%2Fnormale_&amp;data=02%7C01%7Craimondo.ladu%40sonymusic.com%7Cbffb20a92cba47aa63f708d75604bb9e%7Cf0aff3b791a54aaeaf71c63e1dda2049%7C0%7C0%7C637072451227995039&amp;sdata=cWpxKzs3K3QUydZNliXtlCLvRltLGSyoXIEGFXvDeks%3D&amp;reserved=0\"><div class=\"textcenter theme-button-wrap wpex-clr\"><a href=\"#\" title=\"Pre-order\" class=\"vcex-button theme-button flat black small align-center inline\" rel=\"none\"><span class=\"theme-button-inner\">Pre-order<\/span><\/a><\/div> <\/a><\/strong><\/h2>\n<h2 style=\"text-align: center;\"><strong>\u00a0<\/strong><\/h2>\n<p style=\"text-align: center;\"><strong><em>\u00abTutti e due figli di una lunga gavetta, noi due, a guadagnarci giorno per giorno<br \/>\n<\/em><\/strong><strong><em>ogni briciola di quanto la vita ci stava offrendo, con passione, sudore e sacrifici.<br \/>\n<\/em><\/strong><strong><em>Ad un certo punto Ermal mi fa ascoltare una canzone<br \/>\n<\/em><\/strong><strong><em>che parla di quella normalit\u00e0 di cui tutti e due ci sentiamo parte&#8230;<br \/>\n<\/em><\/strong><strong><em>quella normalit\u00e0 che ci rende fieri e consapevoli della fortuna che abbiamo.<br \/>\n<\/em><\/strong><strong><em>Quella normalit\u00e0 abbiamo deciso di cantarla\u00bb.<\/em><\/strong><\/p>\n<p><strong>\u00a0<\/strong><\/p>\n<p style=\"text-align: justify;\"><strong>FRANCESCO RENGA pubblica a sorpresa \u201c<em>NORMALE<\/em>\u201d feat. Ermal Meta, il nuovo brano inedito che sar\u00e0 in radio e sulle piattaforme digitali da venerd\u00ec 25 ottobre ed \u00e8 gi\u00e0 disponibile in pre-save e pre-order <\/strong><\/p>\n<p style=\"text-align: center;\"><div class=\"textcenter theme-button-wrap wpex-clr\"><a href=\"#\" title=\"Pre-order\" class=\"vcex-button theme-button flat black small align-center inline\" rel=\"none\"><span class=\"theme-button-inner\">Pre-order<\/span><\/a><\/div> \n<p>&nbsp;<\/p>\n<p style=\"text-align: justify;\"><strong>Inoltre<\/strong>, sempre da venerd\u00ec 25 ottobre,<strong> il nuovo singolo \u201c<em>Normale<\/em>\u201d sar\u00e0 disponibile ovunque e anche inserito nella nuova versione digitale dell\u2019album \u201c<em>L\u2019altra met\u00e0<\/em>\u201d. <\/strong><\/p>\n<p style=\"text-align: justify;\"><strong>In \u201c<em>Normale<\/em>\u201d la voce di Francesco Renga si fonde con quella di Ermal Meta in un inno dedicato alla capacit\u00e0 di rendere speciali anche le cose pi\u00f9 semplici della vita di tutti i giorni. <\/strong><\/p>\n<p style=\"text-align: justify;\">\u00ab<em>Questa estate sono andato a trovare un amico, un artista&#8230; nello studio nel quale avevamo scritto alcune delle pi\u00f9 belle e fortunate canzoni del mio repertorio<\/em> \u2013 <strong>racconta Francesco Renga<\/strong> &#8211; <em>Per Ermal la vita professionale e artistica negli ultimi anni \u00e8 stata stravolta da un meritato successo&#8230; di questo si stava parlando; di quanto i nostri percorsi, sia di vita che artistici, in fondo si somigliassero tanto. Tutti e due figli di una lunga gavetta, noi due a guadagnarsi giorno per giorno ogni briciola di quanto la vita ci stava offrendo, con passione, sudore e sacrifici&#8230; Ad un certo punto Ermal mi fa ascoltare una canzone che parla di quella normalit\u00e0 di cui tutti e due ci sentiamo parte&#8230; quella normalit\u00e0 che ci rende fieri e consapevoli della fortuna che abbiamo. Quella normalit\u00e0 che entrambi proteggiamo e cerchiamo di non perdere mai. Quella normalit\u00e0 che oggi sembra quasi un difetto, in un mondo in cui tutti sognano di essere qualcosa di pi\u00f9, senza accorgersi probabilmente che la felicit\u00e0 il pi\u00f9 delle volte ce l\u2019abbiamo a portata di mano. Ci abbiamo lavorato insieme un po\u2019, quasi per scherzo&#8230;\u00a0 poi quella normalit\u00e0 abbiamo deciso di cantarla. Eccola<\/em>\u00bb.<\/p>\n<p style=\"text-align: justify;\"><strong>Intanto prosegue nei teatri di tutta Italia \u201c<em>L\u2019altra met\u00e0 Tour<\/em>\u201d con oltre 50 date in cui Francesco Renga presenta al pubblico il suo ultimo disco di inediti e i suoi pi\u00f9 grandi successi di repertorio.<\/strong><\/p>\n<p style=\"text-align: justify;\">Accompagnato sul palco dai musicisti<strong> Fulvio Arnoldi <\/strong>(chitarra acustica e tastiere),<strong> Vincenzo Messina <\/strong>(pianoforte e tastiere),<strong> Stefano Brandoni <\/strong>(chitarre), <strong>Heggy Vezzano <\/strong>(chitarre),<strong> Phil Mer<\/strong> (batteria)<strong> e Gabriele Cannarozzo <\/strong>(basso), <strong>Francesco durante il tour sorprende il suo pubblico con uno spettacolo coinvolgente, grandi emozioni e una scaletta tutta nuova e molto ricca, in cui trovano spazio le indimenticabili hit del suo repertorio e i brani estratti dal suo ultimo e ottavo disco di inediti.<\/strong><\/p>\n<p style=\"text-align: justify;\"><strong>Dopo l\u2019esordio al Teatro degli Arcimboldi di Milano<\/strong> (doppia data)<strong>, queste le prossime date de \u201cL\u2019Altra Met\u00e0 Tour\u201d<\/strong> (prodotto e organizzato da Friends &amp; Partner)<strong>:<\/strong><\/p>\n<div class=\"textcenter theme-button-wrap wpex-clr\"><a href=\"https:\/\/francescorenga.it\/ita\/live\/\" title=\"Visit Site\" class=\"vcex-button theme-button flat black medium align-center inline\" rel=\"none\"><span class=\"theme-button-inner\">VEDI TUTTE LE DATE<\/span><\/a><\/div> \n<p>&nbsp;<\/p>\n<p style=\"text-align: justify;\"><strong>I biglietti per tutte le date del tour <\/strong><strong>sono gi\u00e0 disponibili sul sito di TicketOne e nei punti vendita abituali.<br \/>\n<\/strong><strong>Radio partner degli appuntamenti live italiani \u00e8 RTL 102.5.<br \/>\n<\/strong><strong>BMW \u00e8 Official Mobility Partner del tour.<\/strong><\/p>\n<p style=\"text-align: justify;\"><strong>A maggio 2020, Francesco Renga si esibir\u00e0 anche all\u2019estero con una serie di appuntamenti live nelle principali citt\u00e0 d\u2019Europa, tra cui Londra, Parigi e Madrid.<\/strong><\/p>\n","protected":false},"excerpt":{"rendered":"<p>Il 25 ottobre esce il singolo inedito \u201cNORMALE\u201d feat. ERMAL META in radio e sulle piattaforme digitali e da oggi in pre-order e pre-save \u00a0 \u00abTutti e due figli di una lunga gavetta, noi due, a guadagnarci giorno per giorno&hellip;<\/p>\n","protected":false},"author":2,"featured_media":2421,"comment_status":"closed","ping_status":"closed","sticky":false,"template":"","format":"standard","meta":{"_exactmetrics_skip_tracking":false,"_exactmetrics_sitenote_active":false,"_exactmetrics_sitenote_note":"","_exactmetrics_sitenote_category":0,"footnotes":""},"categories":[1],"tags":[],"post_series":[],"class_list":["post-2413","post","type-post","status-publish","format-standard","has-post-thumbnail","hentry","category-senza-categoria","entry","has-media"],"_links":{"self":[{"href":"https:\/\/francescorenga.it\/ita\/wp-json\/wp\/v2\/posts\/2413","targetHints":{"allow":["GET"]}}],"collection":[{"href":"https:\/\/francescorenga.it\/ita\/wp-json\/wp\/v2\/posts"}],"about":[{"href":"https:\/\/francescorenga.it\/ita\/wp-json\/wp\/v2\/types\/post"}],"author":[{"embeddable":true,"href":"https:\/\/francescorenga.it\/ita\/wp-json\/wp\/v2\/users\/2"}],"replies":[{"embeddable":true,"href":"https:\/\/francescorenga.it\/ita\/wp-json\/wp\/v2\/comments?post=2413"}],"version-history":[{"count":7,"href":"https:\/\/francescorenga.it\/ita\/wp-json\/wp\/v2\/posts\/2413\/revisions"}],"predecessor-version":[{"id":2420,"href":"https:\/\/francescorenga.it\/ita\/wp-json\/wp\/v2\/posts\/2413\/revisions\/2420"}],"wp:featuredmedia":[{"embeddable":true,"href":"https:\/\/francescorenga.it\/ita\/wp-json\/wp\/v2\/media\/2421"}],"wp:attachment":[{"href":"https:\/\/francescorenga.it\/ita\/wp-json\/wp\/v2\/media?parent=2413"}],"wp:term":[{"taxonomy":"category","embeddable":true,"href":"https:\/\/francescorenga.it\/ita\/wp-json\/wp\/v2\/categories?post=2413"},{"taxonomy":"post_tag","embeddable":true,"href":"https:\/\/francescorenga.it\/ita\/wp-json\/wp\/v2\/tags?post=2413"},{"taxonomy":"post_series","embeddable":true,"href":"https:\/\/francescorenga.it\/ita\/wp-json\/wp\/v2\/post_series?post=2413"}],"curies":[{"name":"wp","href":"https:\/\/api.w.org\/{rel}","templated":true}]}}