{"id":2682,"date":"2023-06-29T18:19:35","date_gmt":"2023-06-29T16:19:35","guid":{"rendered":"https:\/\/francescorenga.it\/ita\/?p=2682"},"modified":"2023-06-29T18:19:35","modified_gmt":"2023-06-29T16:19:35","slug":"francesco-renga-e-nek-filippo-neviani-arena-dei-pini-di-baia-domizia-ce","status":"publish","type":"post","link":"https:\/\/francescorenga.it\/ita\/2023\/06\/29\/francesco-renga-e-nek-filippo-neviani-arena-dei-pini-di-baia-domizia-ce\/","title":{"rendered":"Francesco RENGA e NEK Filippo Neviani: ARENA DEI PINI di BAIA DOMIZIA (CE)"},"content":{"rendered":"<h1 style=\"text-align: center;\"><strong>Francesco RENGA e NEK Filippo Neviani<\/strong><\/h1>\n<h1 style=\"text-align: center;\"><strong>IN ATTESA DEI DUE GRANDI EVENTI<\/strong><br \/>\n<strong>il 5 settembre all\u2019Arena di Verona<\/strong><br \/>\n<strong>e di sabato 7 ottobre al Mediolanum Forum di Milano<\/strong><\/h1>\n<h2 style=\"text-align: center;\"><strong>DAL 2 LUGLIO IN TOUR IN TUTTA ITALIA!<\/strong><\/h2>\n<h3 style=\"text-align: center;\"><strong>Si aggiunge a grande richiesta la 25esima data del TOUR<\/strong><br \/>\n<strong>il 13 agosto all\u2019ARENA DEI PINI di BAIA DOMIZIA (CE)<\/strong><\/h3>\n<h2 style=\"text-align: center;\"><em>Biglietti in prevendita dalle ore 14.00 di luned\u00ec<\/em><\/h2>\n<p><span style=\"font-weight: 400;\">In attesa dei due eventi live il <\/span><b>5 settembre all\u2019Arena di Verona <\/b><span style=\"font-weight: 400;\">(che ha gi\u00e0 superato i 9000 biglietti venduti) e <\/span><b>sabato 7 ottobre al Mediolanum Forum di Assago<\/b> <b>\u2013 MILANO<\/b><span style=\"font-weight: 400;\"> per celebrare due carriere straordinarie,<\/span><b> FRANCESCO RENGA e NEK saranno protagonisti di un tour che animer\u00e0 l\u2019estate italiana che avr\u00e0 inizio il prossimo 2 luglio dalla Cavea dell\u2019Auditorium Parco della Musica Ennio Morricone di ROMA!<\/b><\/p>\n<p><b>E a grande richiesta si aggiunge ora la 25esima data del tour, il 13 agosto all\u2019ARENA DEI PINI di BAIA DOMIZIA (CE).<br \/>\n<\/b><b>I biglietti per la nuova data saranno disponibili in prevendita dalle ore 14.00 di luned\u00ec 3 luglio su <\/b><a href=\"http:\/\/www.ticketone.it\"><b>www.ticketone.it<\/b><\/a><b> e nei punti vendita abituali.<\/b><\/p>\n<p><span style=\"font-weight: 400;\">Questi tutti gli appuntamenti live:<br \/>\n<\/span><b>02 luglio <\/b><span style=\"font-weight: 400;\">&#8211; Cavea dell\u2019Auditorium Parco della Musica Ennio Morricone &#8211; <\/span><b>ROMA<br \/>\n<\/b><b>05 luglio <\/b><span style=\"font-weight: 400;\">&#8211; Marostica Summer Festival &#8211; <\/span><b>MAROSTICA (VI)<br \/>\n<\/b><b>11 luglio <\/b><span style=\"font-weight: 400;\">&#8211; Anfiteatro dell\u2019Anima &#8211;<\/span><b> CERVERE (CN)<br \/>\n<\/b><b>14 luglio <\/b><span style=\"font-weight: 400;\">&#8211; Parco Vistarino &#8211; <\/span><b>SASSUOLO (MO)<br \/>\n<\/b><b>29 luglio <\/b><span style=\"font-weight: 400;\">&#8211; Festival di Majano (Area Concerti) &#8211; <\/span><b>MAJANO (UD)<br \/>\n<\/b><b>01 agosto <\/b><span style=\"font-weight: 400;\">&#8211; Oversound Music Festival \u2013 <\/span><b>LECCE<br \/>\n<\/b><b>02 agosto <\/b><span style=\"font-weight: 400;\">&#8211; Castello Tramontano \u2013 <\/span><b>MATERA<br \/>\n<\/b><b>04 agosto <\/b><span style=\"font-weight: 400;\">&#8211; Banchina San Domenico &#8211; <\/span><b>MOLFETTA (BA)<br \/>\n<\/b><b>07 agosto <\/b><span style=\"font-weight: 400;\">&#8211; Piazzale D\u2019Alaggio (Festival 20Eventi) \u2013<\/span><b> PIOMBINO (LI)<br \/>\n<\/b><b>13 agosto <\/b><span style=\"font-weight: 400;\">&#8211; Arena Dei Pini &#8211;<\/span><b> BAIA DOMIZIA (CE) <\/b><b>NUOVA DATA<br \/>\n<\/b><b>16 agosto <\/b><span style=\"font-weight: 400;\">&#8211; Roccella Summer Festival &#8211; <\/span><b>ROCCELLA JONICA (RC)<br \/>\n<\/b><b>17 agosto <\/b><span style=\"font-weight: 400;\">&#8211; Mercati Saraceni &#8211; <\/span><b>CIR\u00d2 MARINA (KR)<br \/>\n<\/b><b>19 agosto <\/b><span style=\"font-weight: 400;\">&#8211; Arena 3040 &#8211;<\/span><b> CAROVIGNO (BR)<br \/>\n<\/b><b>26 agosto <\/b><span style=\"font-weight: 400;\">&#8211; Teatro Antico &#8211; <\/span><b>TAORMINA<br \/>\n<\/b><b>27 agosto <\/b><span style=\"font-weight: 400;\">&#8211;<\/span> <span style=\"font-weight: 400;\">Teatro Valle Dei Templi &#8211; <\/span><b>AGRIGENTO<br \/>\n<\/b><b>02 settembre <\/b><span style=\"font-weight: 400;\">&#8211; Piazza dei Cavalieri (Summer Knights) \u2013<\/span><b> PISA<br \/>\n<\/b><b>05 settembre &#8211; Arena di Verona &#8211; VERONA<br \/>\n<\/b><b>07 settembre <\/b><span style=\"font-weight: 400;\">&#8211; Piazza della Loggia &#8211; <\/span><b>BRESCIA<br \/>\n<\/b><b>09 settembre <\/b><span style=\"font-weight: 400;\">&#8211; Planet Arena &#8211;<\/span><b> PAESTUM (SA)<br \/>\n<\/b><b>07 ottobre &#8211; Mediolanum Forum di Assago<\/b><span style=\"font-weight: 400;\"> &#8211;<\/span><b> MILANO<br \/>\n<\/b><b>11 ottobre <\/b><span style=\"font-weight: 400;\">&#8211; Teatro Augusteo &#8211;<\/span><b> NAPOLI<br \/>\n<\/b><b>12 ottobre <\/b><span style=\"font-weight: 400;\">&#8211; Teatro Team &#8211;<\/span><b> BARI<br \/>\n<\/b><b>16 ottobre <\/b><span style=\"font-weight: 400;\">&#8211; Europauditorium &#8211;<\/span><b> BOLOGNA<br \/>\n<\/b><b>19 ottobre <\/b><span style=\"font-weight: 400;\">&#8211; Teatro Verdi &#8211;<\/span><b> FIRENZE<br \/>\n<\/b><b>21 ottobre <\/b><span style=\"font-weight: 400;\">&#8211; Teatro Colosseo &#8211;<\/span><b> TORINO<\/b><\/p>\n<p><b>I biglietti sono disponibili in prevendita su <\/b><a href=\"http:\/\/www.ticketone.it\"><b>www.ticketone.it<\/b><\/a><b> e nei punti vendita abituali.<br \/>\n<\/b><b>Per info: <\/b><a href=\"http:\/\/www.friendsandpartners.it\"><b>www.friendsandpartners.it<\/b><\/a><\/p>\n<p><b>RTL 102.5 <\/b><span style=\"font-weight: 400;\">\u00e8 media partner ufficiale del tour.<\/span><\/p>\n<p><b>Le date live sono prodotte e organizzate da Friends &amp; Partners. Il concerto al Mediolanum Forum di Assago (MILANO) \u00e8 realizzato in collaborazione con Showbees.<\/b><\/p>\n<p><b>\u00c8 online il video de \u201c<\/b><b><i>IL SOLITO LIDO<\/i><\/b><b>\u201d<\/b><span style=\"font-weight: 400;\"> (Epic \/ Sony Music) <\/span><b>il nuovo brano di FRANCESCO RENGA e NEK che unisce ironia, irriverenza e la leggerezza tipica dell\u2019estate italiana.<br \/>\n<\/b><b>Il video, realizzato da Borotalco.tv e scritto e diretto da Luca Mark, \u00e8 visibile qui:\u00a0 <\/b><a href=\"https:\/\/youtu.be\/XO9QHD0IyRQ\"><b>https:\/\/youtu.be\/XO9QHD0IyRQ<\/b><\/a><\/p>\n<p><span style=\"font-weight: 400;\">Scritto e composto da <\/span><b>Francesco Renga<\/b><span style=\"font-weight: 400;\">, <\/span><b>Davide Sartore<\/b><span style=\"font-weight: 400;\"> e <\/span><b>Diego Ceccon<\/b><span style=\"font-weight: 400;\"> e prodotto da <\/span><b>Nek<\/b><span style=\"font-weight: 400;\">, <\/span><b>Enrico Brun<\/b><span style=\"font-weight: 400;\"> e <\/span><b>Marco Paganelli<\/b><span style=\"font-weight: 400;\">, \u201c<\/span><b>IL SOLITO LIDO<\/b><span style=\"font-weight: 400;\">\u201d \u00ab<\/span><i><span style=\"font-weight: 400;\">racconta la disillusione e il disincanto di una generazione, la nostra \u2013 <\/span><\/i><b>dichiarano gli artisti &#8211; <\/b><i><span style=\"font-weight: 400;\">E lo fa con l\u2019ironia di chi sa che la vita va sempre vissuta alla ricerca della felicit\u00e0, affrontata col sorriso e con il cinismo garbato di chi ha gli strumenti per poterlo fare, perch\u00e9 molte cose sono gi\u00e0 successe e molti colpi li abbiamo gi\u00e0 parati. \u201cE cammino a passo lento verso la fine del mondo\u2026 con la camicia e l\u2019infradito\u201d sono la rappresentazione plastica del momento che ognuno di noi sta vivendo\u00bb<\/span><\/i><span style=\"font-weight: 400;\">.<\/span><\/p>\n<p><span style=\"font-weight: 400;\">Tra le pi\u00f9 grandi voci del panorama musicale italiano, <\/span><b>Francesco Renga <\/b><span style=\"font-weight: 400;\">quest\u2019anno celebra 40 anni di straordinaria carriera con all\u2019attivo 8 album d\u2019inediti, 1 album con orchestra, 2 album dal vivo (di cui uno insieme a Max Pezzali e Nek), ha totalizzato oltre 1 milione di copie vendute, 9 certificazioni di platino e 8 d\u2019oro. Colleziona singoli di grande successo, da <\/span><i><span style=\"font-weight: 400;\">\u201cRaccontami<\/span><\/i><span style=\"font-weight: 400;\">\u201d a <\/span><i><span style=\"font-weight: 400;\">\u201cLa tua bellezza<\/span><\/i><span style=\"font-weight: 400;\">\u201d, da <\/span><i><span style=\"font-weight: 400;\">\u201cAngelo<\/span><\/i><span style=\"font-weight: 400;\">\u201d (brano vincitore del Festival di Sanremo 2005) a \u201c<\/span><i><span style=\"font-weight: 400;\">Meravigliosa<\/span><\/i><span style=\"font-weight: 400;\"> (la Luna)\u201d, da <\/span><i><span style=\"font-weight: 400;\">\u201cIl mio giorno pi\u00f9 bello del mondo\u201d<\/span><\/i><span style=\"font-weight: 400;\"> a <\/span><i><span style=\"font-weight: 400;\">\u201cGuardami amore<\/span><\/i><span style=\"font-weight: 400;\">\u201d e tantissimi altri. Nel corso della sua carriera Francesco ha realizzato pi\u00f9 di 1900 concerti tra palasport, teatri e location mozzafiato come l\u2019Arena di Verona e il Teatro Antico di Taormina. Ha alle spalle 9 partecipazioni al Festival di Sanremo come concorrente in gara, 1 vittoria nel 2005 con il brano <\/span><i><span style=\"font-weight: 400;\">\u201cAngelo<\/span><\/i><span style=\"font-weight: 400;\">\u201d e 2 premi della critica, con i brani <\/span><i><span style=\"font-weight: 400;\">\u201cL\u2019uomo che ride<\/span><\/i><span style=\"font-weight: 400;\">\u201d e <\/span><i><span style=\"font-weight: 400;\">\u201cRaccontami<\/span><\/i><span style=\"font-weight: 400;\">\u201d.\u00a0<\/span><\/p>\n<p><span style=\"font-weight: 400;\">Cantante e polistrumentista, con alle spalle oltre 10 milioni di dischi venduti in tutto il mondo e 18 album in studio, <\/span><b>Nek<\/b><span style=\"font-weight: 400;\"> \u00e8 una delle voci maschili pi\u00f9 affascinanti e amate del panorama musicale italiano. Dopo l\u2019esordio nel 1992 con l\u2019album \u201c<\/span><i><span style=\"font-weight: 400;\">Nek<\/span><\/i><span style=\"font-weight: 400;\">\u201d, tantissimi i successi che si sono susseguiti nei suoi 30 anni di carriera, da <\/span><i><span style=\"font-weight: 400;\">\u201cLaura non c\u2019\u00e8\u201d <\/span><\/i><span style=\"font-weight: 400;\">a<\/span><i><span style=\"font-weight: 400;\"> \u201cSe io non avessi te\u201d<\/span><\/i><span style=\"font-weight: 400;\">, da \u201c<\/span><i><span style=\"font-weight: 400;\">Almeno stavolta<\/span><\/i><span style=\"font-weight: 400;\">\u201d a \u201c<\/span><i><span style=\"font-weight: 400;\">Lascia che io sia<\/span><\/i><span style=\"font-weight: 400;\">\u201d, o ancora \u201c<\/span><i><span style=\"font-weight: 400;\">Fatti avanti amore<\/span><\/i><span style=\"font-weight: 400;\">\u201d e \u201c<\/span><i><span style=\"font-weight: 400;\">Se una regola c\u2019\u00e8<\/span><\/i><span style=\"font-weight: 400;\">\u201d, senza dimenticare la cover di \u201c<\/span><i><span style=\"font-weight: 400;\">Se telefonando<\/span><\/i><span style=\"font-weight: 400;\">\u201d, eseguita sul palco del Festival di Sanremo nel 2015. Negli ultimi anni \u00e8 stato impegnato nella conduzione di fortunati programmi televisivi, ultimo dei quali \u201c<\/span><i><span style=\"font-weight: 400;\">Dalla Strada Al Palco<\/span><\/i><span style=\"font-weight: 400;\">\u201d, in prima serata su Rai Due e che torner\u00e0 dal 28 marzo per la seconda edizione, che ha raccolto straordinari consensi di pubblico e critica. Nel 2022 \u00e8 uscito l\u2019album celebrativo \u201c<\/span><i><span style=\"font-weight: 400;\">5030<\/span><\/i><span style=\"font-weight: 400;\">\u201d, che racconta i 30 anni di carriera e i suoi 50 anni di et\u00e0.<\/span><b>\u00a0 <\/b><\/p>\n","protected":false},"excerpt":{"rendered":"<p>Francesco RENGA e NEK Filippo Neviani IN ATTESA DEI DUE GRANDI EVENTI il 5 settembre all\u2019Arena di Verona e di sabato 7 ottobre al Mediolanum Forum di Milano DAL 2 LUGLIO IN TOUR IN TUTTA ITALIA! Si aggiunge a grande&hellip;<\/p>\n","protected":false},"author":2,"featured_media":2683,"comment_status":"closed","ping_status":"closed","sticky":false,"template":"","format":"standard","meta":{"_exactmetrics_skip_tracking":false,"_exactmetrics_sitenote_active":false,"_exactmetrics_sitenote_note":"","_exactmetrics_sitenote_category":0,"footnotes":""},"categories":[1],"tags":[],"post_series":[],"class_list":["post-2682","post","type-post","status-publish","format-standard","has-post-thumbnail","hentry","category-senza-categoria","entry","has-media"],"_links":{"self":[{"href":"https:\/\/francescorenga.it\/ita\/wp-json\/wp\/v2\/posts\/2682","targetHints":{"allow":["GET"]}}],"collection":[{"href":"https:\/\/francescorenga.it\/ita\/wp-json\/wp\/v2\/posts"}],"about":[{"href":"https:\/\/francescorenga.it\/ita\/wp-json\/wp\/v2\/types\/post"}],"author":[{"embeddable":true,"href":"https:\/\/francescorenga.it\/ita\/wp-json\/wp\/v2\/users\/2"}],"replies":[{"embeddable":true,"href":"https:\/\/francescorenga.it\/ita\/wp-json\/wp\/v2\/comments?post=2682"}],"version-history":[{"count":1,"href":"https:\/\/francescorenga.it\/ita\/wp-json\/wp\/v2\/posts\/2682\/revisions"}],"predecessor-version":[{"id":2684,"href":"https:\/\/francescorenga.it\/ita\/wp-json\/wp\/v2\/posts\/2682\/revisions\/2684"}],"wp:featuredmedia":[{"embeddable":true,"href":"https:\/\/francescorenga.it\/ita\/wp-json\/wp\/v2\/media\/2683"}],"wp:attachment":[{"href":"https:\/\/francescorenga.it\/ita\/wp-json\/wp\/v2\/media?parent=2682"}],"wp:term":[{"taxonomy":"category","embeddable":true,"href":"https:\/\/francescorenga.it\/ita\/wp-json\/wp\/v2\/categories?post=2682"},{"taxonomy":"post_tag","embeddable":true,"href":"https:\/\/francescorenga.it\/ita\/wp-json\/wp\/v2\/tags?post=2682"},{"taxonomy":"post_series","embeddable":true,"href":"https:\/\/francescorenga.it\/ita\/wp-json\/wp\/v2\/post_series?post=2682"}],"curies":[{"name":"wp","href":"https:\/\/api.w.org\/{rel}","templated":true}]}}