{"id":2806,"date":"2025-05-27T12:06:35","date_gmt":"2025-05-27T10:06:35","guid":{"rendered":"https:\/\/francescorenga.it\/ita\/?p=2806"},"modified":"2025-05-27T12:06:35","modified_gmt":"2025-05-27T10:06:35","slug":"3-nuove-date-per-il-tour-angelo-venti","status":"publish","type":"post","link":"https:\/\/francescorenga.it\/ita\/2025\/05\/27\/3-nuove-date-per-il-tour-angelo-venti\/","title":{"rendered":"Francesco Renga: 3 Nuove date per il tour ANGELO-VENTI"},"content":{"rendered":"<h1 style=\"text-align: center;\"><strong>DISPONIBILE DA VENERD\u00cc 30 MAGGIO<\/strong><br \/>\n<strong>\u201cANGELO (VENTI EDITION)\u201d<\/strong><br \/>\n<strong>UN\u2019EDIZIONE SPECIALE DELL\u2019ICONICO BRANO DEL 2005, CONTENUTO IN <\/strong><br \/>\n<strong>\u201cSCRIVER\u00d2 IL TUO NOME LIVE &#8211; ANGELO VENTI EDITION\u201d<\/strong><\/h1>\n<p style=\"text-align: center;\"><strong>La ristampa fisica dei suoi pi\u00f9 grandi successi live,<\/strong><br \/>\n<strong>disponibile anche in versione autografata sullo store di Sony Music Italia<\/strong><\/p>\n<p style=\"text-align: center;\"><strong>E NELLA VERSIONE DIGITALE DELL\u2019ALBUM<\/strong><br \/>\n<strong>\u201cSCRIVER\u00d2 IL TUO NOME LIVE\u201d<\/strong><\/p>\n<h2 style=\"text-align: center;\"><strong>E PER CONTINUARE A FESTEGGIARE QUEST\u2019ESTATE<\/strong><br \/>\n<strong>SI AGGIUNGONO 3 NUOVE DATE AL TOUR \u201cANGELO- VENTI\u201d<\/strong><\/h2>\n<h3 style=\"text-align: center;\"><strong>18 AGOSTO \u2013 ROSETO DEGLI ABRUZZI (TE) \u2013 PIAZZA PONNO LUNGOMARE ROMA<\/strong><br \/>\n<strong>7 SETTEMBRE \u2013 CARBONIA (SU) \u2013 PIAZZA ROMA<\/strong><br \/>\n<strong>13 SETTEMBRE \u2013 PORTO S. ELPIDIO (FM) \u2013 PIAZZA GARIBALDI<\/strong><\/h3>\n<p><strong>Uscir\u00e0 venerd\u00ec 30 maggio \u201cANGELO (VENTI EDITION)\u201d, un\u2019edizione speciale dell\u2019iconico brano di Francesco Renga, con cui vinse il Festival di Sanremo nel 2005!<\/strong><\/p>\n<p><strong>Il brano sar\u00e0 incluso in \u201cSCRIVER\u00d3 IL TUO NOME LIVE \u2013 ANGELO VENTI EDITION\u201d, l\u2019edizione fisica contente i pi\u00f9 grandi successi cantati dal vivo da Francesco Renga in uscita venerd\u00ec 30 maggio in versione CD\/LP e album autografato (in esclusiva nello store di Sony Music Italy). &#8220;ANGELO (VENTI EDITION)&#8221; sar\u00e0 inoltre incluso come prima traccia nella versione digitale dell&#8217;album \u201cScriver\u00f2 Il Tuo Nome Live\u201d.<\/strong><\/p>\n<p><strong>Questa nuova versione del brano, completamente rivisitata e prodotta da Tommaso Colliva, celebra i vent\u2019anni di un brano che ha lasciato un segno profondo nel cuore di chi l\u2019ha ascoltato e amato. Un omaggio sincero a una delle canzoni pi\u00f9 amate di Francesco Renga, proposta con una nuova sensibilit\u00e0 sonora, senza tradirne la l\u2019intensit\u00e0 emotiva e l\u2019anima originaria.<\/strong><\/p>\n<p><strong>E per continuare a festeggiare si aggiungono 3 nuovi appuntamenti ad \u201cANGELO-VENTI\u201d, il tour speciale con cui FRANCESCO RENGA celebra insieme al suo pubblico i 20 anni della sua \u201cANGELO\u201d!<\/strong><\/p>\n<p>Il tour, che prender\u00e0 il via il 31 maggio a Piazza Armerina (Enna) e proseguir\u00e0 tutta l\u2019estate in diverse citt\u00e0 italiane,<strong> sar\u00e0 una grande festa e un viaggio musicale attraverso i suoi pi\u00f9 grandi successi. Un\u2019occasione unica per rivivere insieme emozioni senza tempo e celebrare la carriera straordinaria di una delle voci pi\u00f9 grandi della musica italiana.<\/strong><\/p>\n<p><strong>Queste le date di \u201cANGELO- VENTI\u201d:<\/strong><br \/>\n31 maggio &#8211; Piazza Armerina (EN) &#8211; Piazza Della Cattedrale<br \/>\n1 giugno &#8211; Floridia (SR) &#8211; Piazza Del Popolo<br \/>\n8 giugno &#8211; Ravarino (MO) &#8211; Giugno Ravarinese<br \/>\n21 giugno &#8211; Vicenza &#8211; Vicenza In Festival, Piazza Dei Signori<br \/>\n25 giugno &#8211; Gadesco-Pieve Delmona (CR) &#8211; Cremonadue Live Beats 2025<br \/>\n27 giugno &#8211; Oristano &#8211; Piazza Cattedrale<br \/>\n5 luglio &#8211; Bergamo \u2013 Lazzaretto<br \/>\n12 luglio &#8211; Villafranca (VR) &#8211; Villafranca Festival 2025, Castello Scaligero<br \/>\n17 luglio &#8211; Capurso (BA) &#8211; Multiculturita Summer Festival, Sagrato Basilica Madonna Del Pozzo<br \/>\n25 luglio &#8211; Ricaldone (AL) &#8211; Isola In Collina, Piazzale Tre Secoli<br \/>\n27 luglio &#8211; Ladispoli (RM) &#8211; Piazza Rossellini<br \/>\n4 agosto &#8211; Lignano Sabbiadoro (UD) &#8211; Summer Live Festival, Beach Arena<br \/>\n7 agosto \u2013 Riccione (RN) \u2013 Riccione Music City, Piazzale Roma<br \/>\n10 agosto &#8211; Pellegrina Di Bagnara Calabra (RC) &#8211; Piazza Maria SS Annunziata<br \/>\n12 agosto &#8211; Baia Domizia (CE) &#8211; Arena Dei Pini<br \/>\n14 agosto &#8211; Teora (AV) &#8211; Piazza Largo Europa<br \/>\n17 agosto &#8211; Castel di Sangro (AQ) Vette Sonore, Piazzale Prato Cardillo<br \/>\n<strong>18 agosto &#8211; Roseto Degli Abruzzi (TE) \u2013 Piazza Ponno Lungomare Roma (NUOVA DATA)<\/strong><br \/>\n22 agosto &#8211; Roccella Jonica (RC) &#8211; Roccella Summer Festival, Teatro Al Castello<br \/>\n24 agosto &#8211; Zafferana Etnea (CT) &#8211; Sotto Il Vulcano Fest, Anfiteatro Falcone e Borsellino<br \/>\n31 agosto &#8211; San Nicolao, Rifreddo (CN) &#8211; Suoni Delle Terre Del Monviso &#8211; live ore 17:00<br \/>\n4 settembre &#8211; Brescia &#8211; Brescia Summer Music, Piazza Della Loggia<br \/>\n6 settembre &#8211; Campanedda (SS) &#8211; Piazza Santa Maria<br \/>\n<strong>7 settembre &#8211; Carbonia (SU) &#8211; Piazza Roma (NUOVA DATA)<\/strong><br \/>\n<strong>13 settembre &#8211; Porto S. Elpidio (FM) &#8211; Piazza Garibaldi (NUOVA DATA)<\/strong><br \/>\n20 settembre &#8211; Terni &#8211; Tributo d\u2019Autore, Palaterni<\/p>\n<p>L\u2019ingresso per nuove date \u00e8 gratuito.<br \/>\nInfo biglietti: <strong>www.friendsandpartners.it<\/strong><\/p>\n","protected":false},"excerpt":{"rendered":"<p>DISPONIBILE DA VENERD\u00cc 30 MAGGIO \u201cANGELO (VENTI EDITION)\u201d UN\u2019EDIZIONE SPECIALE DELL\u2019ICONICO BRANO DEL 2005, CONTENUTO IN \u201cSCRIVER\u00d2 IL TUO NOME LIVE &#8211; ANGELO VENTI EDITION\u201d La ristampa fisica dei suoi pi\u00f9 grandi successi live, disponibile anche in versione autografata sullo&hellip;<\/p>\n","protected":false},"author":2,"featured_media":2807,"comment_status":"closed","ping_status":"closed","sticky":false,"template":"","format":"standard","meta":{"_exactmetrics_skip_tracking":false,"_exactmetrics_sitenote_active":false,"_exactmetrics_sitenote_note":"","_exactmetrics_sitenote_category":0,"footnotes":""},"categories":[1],"tags":[],"post_series":[],"class_list":["post-2806","post","type-post","status-publish","format-standard","has-post-thumbnail","hentry","category-senza-categoria","entry","has-media"],"_links":{"self":[{"href":"https:\/\/francescorenga.it\/ita\/wp-json\/wp\/v2\/posts\/2806","targetHints":{"allow":["GET"]}}],"collection":[{"href":"https:\/\/francescorenga.it\/ita\/wp-json\/wp\/v2\/posts"}],"about":[{"href":"https:\/\/francescorenga.it\/ita\/wp-json\/wp\/v2\/types\/post"}],"author":[{"embeddable":true,"href":"https:\/\/francescorenga.it\/ita\/wp-json\/wp\/v2\/users\/2"}],"replies":[{"embeddable":true,"href":"https:\/\/francescorenga.it\/ita\/wp-json\/wp\/v2\/comments?post=2806"}],"version-history":[{"count":1,"href":"https:\/\/francescorenga.it\/ita\/wp-json\/wp\/v2\/posts\/2806\/revisions"}],"predecessor-version":[{"id":2808,"href":"https:\/\/francescorenga.it\/ita\/wp-json\/wp\/v2\/posts\/2806\/revisions\/2808"}],"wp:featuredmedia":[{"embeddable":true,"href":"https:\/\/francescorenga.it\/ita\/wp-json\/wp\/v2\/media\/2807"}],"wp:attachment":[{"href":"https:\/\/francescorenga.it\/ita\/wp-json\/wp\/v2\/media?parent=2806"}],"wp:term":[{"taxonomy":"category","embeddable":true,"href":"https:\/\/francescorenga.it\/ita\/wp-json\/wp\/v2\/categories?post=2806"},{"taxonomy":"post_tag","embeddable":true,"href":"https:\/\/francescorenga.it\/ita\/wp-json\/wp\/v2\/tags?post=2806"},{"taxonomy":"post_series","embeddable":true,"href":"https:\/\/francescorenga.it\/ita\/wp-json\/wp\/v2\/post_series?post=2806"}],"curies":[{"name":"wp","href":"https:\/\/api.w.org\/{rel}","templated":true}]}}