{"id":2813,"date":"2025-06-09T15:04:24","date_gmt":"2025-06-09T13:04:24","guid":{"rendered":"https:\/\/francescorenga.it\/ita\/?p=2813"},"modified":"2025-06-09T15:04:24","modified_gmt":"2025-06-09T13:04:24","slug":"francesco-renga-20-anni-di-angelo-nuove-date-al-tour-per-celebrare-liconico-brano","status":"publish","type":"post","link":"https:\/\/francescorenga.it\/ita\/2025\/06\/09\/francesco-renga-20-anni-di-angelo-nuove-date-al-tour-per-celebrare-liconico-brano\/","title":{"rendered":"Francesco Renga: 20 anni di &#8220;Angelo&#8221; Nuove date al Tour per celebrare l&#8217;iconico brano"},"content":{"rendered":"<h1 style=\"text-align: center;\">20 ANNI DI \u201cANGELO\u201d<br \/>\nSI AGGIUNGONO 3 NUOVE DATE A \u201cANGELO- VENTI\u201d<\/h1>\n<h2 style=\"text-align: center;\">il tour speciale per celebrare l\u2019iconico brano con cui nel 2005 vinse il Festival di Sanremo<\/h2>\n<h3 style=\"text-align: center;\">2 LUGLIO \u2013 MASULLAS (OR) \u2013 AREA FESTE<br \/>\n18 LUGLIO \u2013 NOLA (NA) \u2013 VULCANO BUONO MUSIC EMOTION 2025<br \/>\n29 AGOSTO \u2013 BONO (SS) \u2013 PIAZZA SAN RAIMONDO<\/h3>\n<p style=\"text-align: center;\"><em><strong>Biglietti in vendita dalle 14:00 di oggi<\/strong><\/em><\/p>\n<p style=\"text-align: justify;\"><strong>Si aggiungono 3 nuovi appuntamenti ad \u201cANGELO-VENTI\u201d, il tour con cui FRANCESCO RENGA celebra insieme al suo pubblico i 20 anni della sua \u201cANGELO\u201d, l\u2019iconico brano con cui nel 2005 vinse il Festival di Sanremo.<\/strong><\/p>\n<p style=\"text-align: justify;\">Il tour, che ha preso il via ieri, domenica 8 giugno, a Ravarino, proseguir\u00e0 tutta l\u2019estate in diverse citt\u00e0 italiane e <strong>sar\u00e0 una grande festa e un viaggio musicale attraverso i suoi pi\u00f9 grandi successi. Un\u2019occasione unica per rivivere insieme emozioni senza tempo e celebrare la carriera straordinaria di una delle voci pi\u00f9 grandi della musica italiana.<\/strong><\/p>\n<p><strong>Queste le date di \u201cANGELO- VENTI\u201d:<\/strong><br \/>\n8 giugno &#8211; Ravarino (MO) &#8211; Giugno Ravarinese<br \/>\n21 giugno &#8211; Vicenza &#8211; Vicenza In Festival, Piazza Dei Signori<br \/>\n25 giugno &#8211; Gadesco-Pieve Delmona (CR) &#8211; Cremonadue Live Beats 2025<br \/>\n27 giugno &#8211; Oristano &#8211; Piazza Cattedrale<br \/>\n<strong>2 luglio &#8211; Masullas (OR) &#8211; Area Feste (NUOVA DATA)<\/strong><br \/>\n5 luglio &#8211; Bergamo \u2013 Lazzaretto<br \/>\n12 luglio &#8211; Villafranca (VR) &#8211; Villafranca Festival 2025, Castello Scaligero<br \/>\n17 luglio &#8211; Capurso (BA) &#8211; Multiculturita Summer Festival, Sagrato Basilica Madonna Del Pozzo<br \/>\n<strong>18 luglio &#8211; Nola (NA) &#8211; Vulcano Buono Music Emotion 2025 (NUOVA DATA)<\/strong><br \/>\n25 luglio &#8211; Ricaldone (AL) &#8211; Isola In Collina, Piazzale Tre Secoli<br \/>\n27 luglio &#8211; Ladispoli (RM) &#8211; Piazza Rossellini<br \/>\n4 agosto &#8211; Lignano Sabbiadoro (UD) &#8211; Summer Live Festival, Beach Arena<br \/>\n7 agosto \u2013 Riccione (RN) \u2013 Riccione Music City, Piazzale Roma<br \/>\n10 agosto &#8211; Pellegrina Di Bagnara Calabra (RC) &#8211; Piazza Maria SS Annunziata<br \/>\n12 agosto &#8211; Baia Domizia (CE) &#8211; Arena Dei Pini<br \/>\n14 agosto &#8211; Teora (AV) &#8211; Piazza Largo Europa<br \/>\n17 agosto &#8211; Castel di Sangro (AQ) Vette Sonore, Piazzale Prato Cardillo<br \/>\n22 agosto &#8211; Roccella Jonica (RC) &#8211; Roccella Summer Festival, Teatro Al Castello<br \/>\n24 agosto &#8211; Zafferana Etnea (CT) &#8211; Sotto Il Vulcano Fest, Anfiteatro Falcone e Borsellino<br \/>\n<strong>29 agosto &#8211; Bono (SS) &#8211; Piazza San Raimondo (NUOVA DATA)<\/strong><br \/>\n31 agosto &#8211; San Nicolao, Rifreddo (CN) &#8211; Suoni Delle Terre Del Monviso &#8211; live ore 17:00<br \/>\n4 settembre &#8211; Brescia &#8211; Brescia Summer Music, Piazza Della Loggia<br \/>\n6 settembre &#8211; Campanedda (SS) &#8211; Piazza Santa Maria<br \/>\n20 settembre &#8211; Terni &#8211; Tributo d\u2019Autore, Palaterni<\/p>\n<p style=\"text-align: justify;\"><strong>I biglietti per la data di Nola sono disponibili in prevendita dalle ore 14:00 di oggi, luned\u00ec 9 giugno<\/strong> su Ticketone e punti vendita abituali. L\u2019ingresso per le date di Masullas e Bono \u00e8 gratuito.<br \/>\nInfo biglietti: <a href=\"https:\/\/www.friendsandpartners.it\/artisti\/francesco-renga\" target=\"_blank\" rel=\"noopener\">www.friendsandpartners.it<\/a><\/p>\n<p style=\"text-align: justify;\">Inoltre, per celebrare i 20 anni di \u201c<strong>ANGELO<\/strong>\u201d, \u00e8 uscita \u201c<strong>ANGELO (VENTI EDITION)<\/strong>\u201d, un\u2019edizione speciale rivisitata e prodotta da Tommaso Colliva e disponibile in digitale. Il brano \u00e8 contenuto anche in \u201c<strong>SCRIVER\u00d2 IL TUO NOME LIVE \u2013 ANGELO VENTI EDITION<\/strong>\u201d, la ristampa fisica che raccoglie i pi\u00f9 grandi successi di\u00a0Francesco Renga\u00a0eseguiti dal vivo.<\/p>\n","protected":false},"excerpt":{"rendered":"<p>20 ANNI DI \u201cANGELO\u201d SI AGGIUNGONO 3 NUOVE DATE A \u201cANGELO- VENTI\u201d il tour speciale per celebrare l\u2019iconico brano con cui nel 2005 vinse il Festival di Sanremo 2 LUGLIO \u2013 MASULLAS (OR) \u2013 AREA FESTE 18 LUGLIO \u2013 NOLA&hellip;<\/p>\n","protected":false},"author":2,"featured_media":2814,"comment_status":"closed","ping_status":"closed","sticky":false,"template":"","format":"standard","meta":{"_exactmetrics_skip_tracking":false,"_exactmetrics_sitenote_active":false,"_exactmetrics_sitenote_note":"","_exactmetrics_sitenote_category":0,"footnotes":""},"categories":[1],"tags":[],"post_series":[],"class_list":["post-2813","post","type-post","status-publish","format-standard","has-post-thumbnail","hentry","category-senza-categoria","entry","has-media"],"_links":{"self":[{"href":"https:\/\/francescorenga.it\/ita\/wp-json\/wp\/v2\/posts\/2813","targetHints":{"allow":["GET"]}}],"collection":[{"href":"https:\/\/francescorenga.it\/ita\/wp-json\/wp\/v2\/posts"}],"about":[{"href":"https:\/\/francescorenga.it\/ita\/wp-json\/wp\/v2\/types\/post"}],"author":[{"embeddable":true,"href":"https:\/\/francescorenga.it\/ita\/wp-json\/wp\/v2\/users\/2"}],"replies":[{"embeddable":true,"href":"https:\/\/francescorenga.it\/ita\/wp-json\/wp\/v2\/comments?post=2813"}],"version-history":[{"count":1,"href":"https:\/\/francescorenga.it\/ita\/wp-json\/wp\/v2\/posts\/2813\/revisions"}],"predecessor-version":[{"id":2815,"href":"https:\/\/francescorenga.it\/ita\/wp-json\/wp\/v2\/posts\/2813\/revisions\/2815"}],"wp:featuredmedia":[{"embeddable":true,"href":"https:\/\/francescorenga.it\/ita\/wp-json\/wp\/v2\/media\/2814"}],"wp:attachment":[{"href":"https:\/\/francescorenga.it\/ita\/wp-json\/wp\/v2\/media?parent=2813"}],"wp:term":[{"taxonomy":"category","embeddable":true,"href":"https:\/\/francescorenga.it\/ita\/wp-json\/wp\/v2\/categories?post=2813"},{"taxonomy":"post_tag","embeddable":true,"href":"https:\/\/francescorenga.it\/ita\/wp-json\/wp\/v2\/tags?post=2813"},{"taxonomy":"post_series","embeddable":true,"href":"https:\/\/francescorenga.it\/ita\/wp-json\/wp\/v2\/post_series?post=2813"}],"curies":[{"name":"wp","href":"https:\/\/api.w.org\/{rel}","templated":true}]}}