{"id":404,"date":"2014-06-11T14:46:35","date_gmt":"2014-06-11T12:46:35","guid":{"rendered":"http:\/\/francescorenga.it\/ita\/?p=404"},"modified":"2014-06-14T18:29:01","modified_gmt":"2014-06-14T16:29:01","slug":"con-il-cuore-nel-nome-di-francesco","status":"publish","type":"post","link":"https:\/\/francescorenga.it\/ita\/2014\/06\/11\/con-il-cuore-nel-nome-di-francesco\/","title":{"rendered":"Con il cuore, nel nome di Francesco"},"content":{"rendered":"<p>Sabato 14 Giugno Francesco sar\u00e0 tra gli ospiti della manifestazione &#8220;Con il cuore, nel nome di Francesco&#8221;.<\/p>\n<p>La serata benefica si terr\u00e0 alle 20.35 nella piazza inferiore della Basilica di San Francesco d&#8217;<strong>Assisi<\/strong> e sar\u00e0 trasmessa in diretta su Rai Uno con la conduzione di Carlo Conti.<\/p>\n<p>La gara di solidariet\u00e0 per le popolazioni delle Filippine colpite dal tifone Yolanda nel novembre 2013 e per le missioni francescane in Kenya.<br \/>\nPer partecipare alla gara di solidariet\u00e0 per le Filippine e il Kenya sar\u00e0 possibile donare, dal 3 al 22 giugno\u00a0con sms e con chiamate da rete fissa al 45505. Il valore della donazione sar\u00e0 di 2 euro da tutti i cellulari personali TIM, Vodafone, WIND, 3, PosteMobile, CoopVoce e N\u00f2verca e di 2 o 5 euro chiamando lo stesso numero da rete fissa Telecom Italia, Infostrada, Fastweb, mentre sempre da rete fissa TeleTu e TWT il valore della donazione sar\u00e0 di 2 euro.<\/p>\n<p>L&#8217;evento di solidariet\u00e0 vedr\u00e0 la partecipazione anche di Annalisa, Arisa, Claudio Baglioni, Alex Britti, Deborah, Dear Jack, Roby Facchinetti, frate Alessandro, Laura Giordano, Rocco Hunt, Massimo Ranieri e Philippe Daverio tutti uniti per una causa comune: ridare un sorriso a chi lo ha perduto.<\/p>\n<p>Maggiori informazioni sul sito <a title=\"rai\" href=\"http:\/\/www.rai1.rai.it\/dl\/PortaliRai\/Programmi\/PublishingBlock-fa20f228-6cc5-4eaf-9815-fbabebb8a228.html?ContentItem-c9d89e85-ba28-4492-94e2-f9cb87e6763c&amp;refresh_ce\" target=\"_blank\">Rai<\/a>.<\/p>\n","protected":false},"excerpt":{"rendered":"<p>Sabato 14 Giugno Francesco sar\u00e0 tra gli ospiti della manifestazione &#8220;Con il cuore, nel nome di Francesco&#8221;. La serata benefica si terr\u00e0 alle 20.35 nella piazza inferiore della Basilica di San Francesco d&#8217;Assisi e sar\u00e0 trasmessa in diretta su Rai&hellip;<\/p>\n","protected":false},"author":2,"featured_media":0,"comment_status":"closed","ping_status":"closed","sticky":false,"template":"","format":"standard","meta":{"_exactmetrics_skip_tracking":false,"_exactmetrics_sitenote_active":false,"_exactmetrics_sitenote_note":"","_exactmetrics_sitenote_category":0,"footnotes":""},"categories":[55,20],"tags":[107,49,21,106,91],"post_series":[],"class_list":["post-404","post","type-post","status-publish","format-standard","hentry","category-appuntamenti","category-notizie","tag-carlo-conti","tag-classifica","tag-francesco-renga","tag-rai-1","tag-rai-uno","entry","no-media"],"_links":{"self":[{"href":"https:\/\/francescorenga.it\/ita\/wp-json\/wp\/v2\/posts\/404","targetHints":{"allow":["GET"]}}],"collection":[{"href":"https:\/\/francescorenga.it\/ita\/wp-json\/wp\/v2\/posts"}],"about":[{"href":"https:\/\/francescorenga.it\/ita\/wp-json\/wp\/v2\/types\/post"}],"author":[{"embeddable":true,"href":"https:\/\/francescorenga.it\/ita\/wp-json\/wp\/v2\/users\/2"}],"replies":[{"embeddable":true,"href":"https:\/\/francescorenga.it\/ita\/wp-json\/wp\/v2\/comments?post=404"}],"version-history":[{"count":4,"href":"https:\/\/francescorenga.it\/ita\/wp-json\/wp\/v2\/posts\/404\/revisions"}],"predecessor-version":[{"id":409,"href":"https:\/\/francescorenga.it\/ita\/wp-json\/wp\/v2\/posts\/404\/revisions\/409"}],"wp:attachment":[{"href":"https:\/\/francescorenga.it\/ita\/wp-json\/wp\/v2\/media?parent=404"}],"wp:term":[{"taxonomy":"category","embeddable":true,"href":"https:\/\/francescorenga.it\/ita\/wp-json\/wp\/v2\/categories?post=404"},{"taxonomy":"post_tag","embeddable":true,"href":"https:\/\/francescorenga.it\/ita\/wp-json\/wp\/v2\/tags?post=404"},{"taxonomy":"post_series","embeddable":true,"href":"https:\/\/francescorenga.it\/ita\/wp-json\/wp\/v2\/post_series?post=404"}],"curies":[{"name":"wp","href":"https:\/\/api.w.org\/{rel}","templated":true}]}}