{"id":416,"date":"2014-06-23T17:26:28","date_gmt":"2014-06-23T15:26:28","guid":{"rendered":"http:\/\/francescorenga.it\/ita\/?p=416"},"modified":"2014-06-23T17:26:28","modified_gmt":"2014-06-23T15:26:28","slug":"ospite-di-elisa","status":"publish","type":"post","link":"https:\/\/francescorenga.it\/ita\/2014\/06\/23\/ospite-di-elisa\/","title":{"rendered":"Ospite di Elisa"},"content":{"rendered":"<p>Francesco sar\u00e0 ospite in due tappe dell&#8217;<strong>Elisa Live tour<\/strong>, che partir\u00e0 il 29 Giugno dal Belgio.<\/p>\n<p>La sua presenza come special guest sar\u00e0\u00a0\u00a0il <strong>15 luglio<\/strong> a <strong>Campione d&#8217;Italia<\/strong> (CO &#8211; Nuovo Piazzale Maestri Campionesi) e il\u00a0<strong>25 luglio<\/strong> all\u2019Hydrogen Festival di <strong>Piazzola sul Brenta<\/strong> (PD).<\/p>\n<p>&nbsp;<\/p>\n","protected":false},"excerpt":{"rendered":"<p>Francesco sar\u00e0 ospite in due tappe dell&#8217;Elisa Live tour, che partir\u00e0 il 29 Giugno dal Belgio. La sua presenza come special guest sar\u00e0\u00a0\u00a0il 15 luglio a Campione d&#8217;Italia (CO &#8211; Nuovo Piazzale Maestri Campionesi) e il\u00a025 luglio all\u2019Hydrogen Festival di&hellip;<\/p>\n","protected":false},"author":2,"featured_media":0,"comment_status":"closed","ping_status":"closed","sticky":false,"template":"","format":"standard","meta":{"_exactmetrics_skip_tracking":false,"_exactmetrics_sitenote_active":false,"_exactmetrics_sitenote_note":"","_exactmetrics_sitenote_category":0,"footnotes":""},"categories":[55,20],"tags":[83,110,21,65,82],"post_series":[],"class_list":["post-416","post","type-post","status-publish","format-standard","hentry","category-appuntamenti","category-notizie","tag-concerti","tag-elisa","tag-francesco-renga","tag-live","tag-ospite","entry","no-media"],"_links":{"self":[{"href":"https:\/\/francescorenga.it\/ita\/wp-json\/wp\/v2\/posts\/416","targetHints":{"allow":["GET"]}}],"collection":[{"href":"https:\/\/francescorenga.it\/ita\/wp-json\/wp\/v2\/posts"}],"about":[{"href":"https:\/\/francescorenga.it\/ita\/wp-json\/wp\/v2\/types\/post"}],"author":[{"embeddable":true,"href":"https:\/\/francescorenga.it\/ita\/wp-json\/wp\/v2\/users\/2"}],"replies":[{"embeddable":true,"href":"https:\/\/francescorenga.it\/ita\/wp-json\/wp\/v2\/comments?post=416"}],"version-history":[{"count":1,"href":"https:\/\/francescorenga.it\/ita\/wp-json\/wp\/v2\/posts\/416\/revisions"}],"predecessor-version":[{"id":417,"href":"https:\/\/francescorenga.it\/ita\/wp-json\/wp\/v2\/posts\/416\/revisions\/417"}],"wp:attachment":[{"href":"https:\/\/francescorenga.it\/ita\/wp-json\/wp\/v2\/media?parent=416"}],"wp:term":[{"taxonomy":"category","embeddable":true,"href":"https:\/\/francescorenga.it\/ita\/wp-json\/wp\/v2\/categories?post=416"},{"taxonomy":"post_tag","embeddable":true,"href":"https:\/\/francescorenga.it\/ita\/wp-json\/wp\/v2\/tags?post=416"},{"taxonomy":"post_series","embeddable":true,"href":"https:\/\/francescorenga.it\/ita\/wp-json\/wp\/v2\/post_series?post=416"}],"curies":[{"name":"wp","href":"https:\/\/api.w.org\/{rel}","templated":true}]}}