{"id":506,"date":"2014-09-05T16:11:06","date_gmt":"2014-09-05T14:11:06","guid":{"rendered":"http:\/\/francescorenga.it\/ita\/?p=506"},"modified":"2014-09-05T16:11:06","modified_gmt":"2014-09-05T14:11:06","slug":"rosebud-festival","status":"publish","type":"post","link":"https:\/\/francescorenga.it\/ita\/2014\/09\/05\/rosebud-festival\/","title":{"rendered":"Rosebud Festival"},"content":{"rendered":"<p><a href=\"http:\/\/francescorenga.it\/ita\/wp-content\/uploads\/2014\/09\/rosebud.jpg\"><img loading=\"lazy\" decoding=\"async\" class=\" wp-image-507 alignleft\" alt=\"rosebud festival francesco renga\" src=\"http:\/\/francescorenga.it\/ita\/wp-content\/uploads\/2014\/09\/rosebud.jpg\" width=\"250\" height=\"408\" srcset=\"https:\/\/francescorenga.it\/ita\/wp-content\/uploads\/2014\/09\/rosebud.jpg 416w, https:\/\/francescorenga.it\/ita\/wp-content\/uploads\/2014\/09\/rosebud-183x300.jpg 183w, https:\/\/francescorenga.it\/ita\/wp-content\/uploads\/2014\/09\/rosebud-125x204.jpg 125w\" sizes=\"auto, (max-width: 250px) 100vw, 250px\" \/><\/a><\/p>\n<p>&nbsp;<\/p>\n<p>&nbsp;<\/p>\n<p>Sabato 6 Settembre Francesco sar\u00e0 tra gli ospiti del Rosebud Festival &#8211; Schegge Di Tempo Perduto, che si terr\u00e0 ad Asti nel cortile del Michelerio.<\/p>\n<p>L&#8217;evento, con la direzione artistica di Massimo Cotto, \u00e8 ad ingresso gratuito e presenta gli artisti in una chiave alternativa, diversa da quella a cui siamo abituati con\u00a0musica, parole, ma anche immagini e proiezioni.<\/p>\n<p>Francesco sar\u00e0 presente all&#8217;interno della sezione &#8220;Parole&#8221; e si racconter\u00e0, senza cantare, durante l&#8217;incontro.<\/p>\n<p>Il programma completo si trova qui\u00a0<a title=\"rosebud\" href=\"http:\/\/www.comune.asti.it\/archivio6_eventi-in-agenda_0_1579_0_1.html\" target=\"_blank\">http:\/\/www.comune.asti.it\/archivio6_eventi-in-agenda_0_1579_0_1.html<\/a><\/p>\n","protected":false},"excerpt":{"rendered":"<p>&nbsp; &nbsp; Sabato 6 Settembre Francesco sar\u00e0 tra gli ospiti del Rosebud Festival &#8211; Schegge Di Tempo Perduto, che si terr\u00e0 ad Asti nel cortile del Michelerio. L&#8217;evento, con la direzione artistica di Massimo Cotto, \u00e8 ad ingresso gratuito e&hellip;<\/p>\n","protected":false},"author":2,"featured_media":0,"comment_status":"closed","ping_status":"closed","sticky":false,"template":"","format":"standard","meta":{"_exactmetrics_skip_tracking":false,"_exactmetrics_sitenote_active":false,"_exactmetrics_sitenote_note":"","_exactmetrics_sitenote_category":0,"footnotes":""},"categories":[55],"tags":[126,21,127],"post_series":[],"class_list":["post-506","post","type-post","status-publish","format-standard","hentry","category-appuntamenti","tag-asti","tag-francesco-renga","tag-rosebud","entry","no-media"],"_links":{"self":[{"href":"https:\/\/francescorenga.it\/ita\/wp-json\/wp\/v2\/posts\/506","targetHints":{"allow":["GET"]}}],"collection":[{"href":"https:\/\/francescorenga.it\/ita\/wp-json\/wp\/v2\/posts"}],"about":[{"href":"https:\/\/francescorenga.it\/ita\/wp-json\/wp\/v2\/types\/post"}],"author":[{"embeddable":true,"href":"https:\/\/francescorenga.it\/ita\/wp-json\/wp\/v2\/users\/2"}],"replies":[{"embeddable":true,"href":"https:\/\/francescorenga.it\/ita\/wp-json\/wp\/v2\/comments?post=506"}],"version-history":[{"count":1,"href":"https:\/\/francescorenga.it\/ita\/wp-json\/wp\/v2\/posts\/506\/revisions"}],"predecessor-version":[{"id":508,"href":"https:\/\/francescorenga.it\/ita\/wp-json\/wp\/v2\/posts\/506\/revisions\/508"}],"wp:attachment":[{"href":"https:\/\/francescorenga.it\/ita\/wp-json\/wp\/v2\/media?parent=506"}],"wp:term":[{"taxonomy":"category","embeddable":true,"href":"https:\/\/francescorenga.it\/ita\/wp-json\/wp\/v2\/categories?post=506"},{"taxonomy":"post_tag","embeddable":true,"href":"https:\/\/francescorenga.it\/ita\/wp-json\/wp\/v2\/tags?post=506"},{"taxonomy":"post_series","embeddable":true,"href":"https:\/\/francescorenga.it\/ita\/wp-json\/wp\/v2\/post_series?post=506"}],"curies":[{"name":"wp","href":"https:\/\/api.w.org\/{rel}","templated":true}]}}