{"id":509,"date":"2014-09-08T12:15:59","date_gmt":"2014-09-08T10:15:59","guid":{"rendered":"http:\/\/francescorenga.it\/ita\/?p=509"},"modified":"2014-09-08T12:15:59","modified_gmt":"2014-09-08T10:15:59","slug":"raddoppio-concerto-padova","status":"publish","type":"post","link":"https:\/\/francescorenga.it\/ita\/2014\/09\/08\/raddoppio-concerto-padova\/","title":{"rendered":"Raddoppio concerto Padova"},"content":{"rendered":"<p align=\"center\"><b>FRANCESCO RENGA<br \/>\n<\/b><b style=\"line-height: 1.5em;\"><span style=\"text-decoration: underline;\">CONTINUA LO STRAORDINARIO SUCCESSO DI TEMPO REALE TOUR<\/span><\/b><\/p>\n<p align=\"center\"><b><span style=\"text-decoration: underline;\">DOPO SOLD OUT E NUOVE DATE<br \/>\n<\/span><\/b><b><span style=\"text-decoration: underline;\">ANCHE PADOVA RADDOPPIA IL <\/span><\/b><b><span style=\"text-decoration: underline;\">30 NOVEMBRE AL GRAN TEATRO GEOX<\/span><\/b><\/p>\n<p align=\"center\"><b>\u00a0<\/b><b><i>\u201cIL MIO GIORNO PIU\u2019 BELLO NEL MONDO\u201d<br \/>\n<\/i><\/b><b>CONQUISTA IL DISCO DI PLATINO<\/b><\/p>\n<p>Mentre \u00e8 in tutte le radio il nuovo singolo di <b>Francesco Renga<\/b> <b>\u201cA un isolato da<\/b> <b>te\u201d,<\/b> continua inarrestabile il successo di <b>TEMPO REALE TOUR<\/b> che in autunno vedr\u00e0 l\u2019artista on stage in tutta la penisola.<\/p>\n<p>Con un\u2019estate in <b>TOP TEN <\/b>nelle classifiche dei dischi pi\u00f9 venduti e con il disco di platino per Il mio giorno pi\u00f9 bello nel mondo stanno arrivando sold out e nuove date per il tour che gi\u00e0 <b>triplica a Milano, Brescia e Bergamo e raddoppia a Bologna, Firenze Mantova, Roma e Padova.<\/b><\/p>\n<p>Sul palco <b>Francesco Renga<\/b> ha una <b>straordinaria presenza, fisica e vocale.<\/b> Procede spedito attraverso <b>cambi di registro, passaggi vocali complicatissimi ed emozionanti momenti di spettacolo.<\/b><\/p>\n<p>Dopo il debutto a Bologna del 12 ottobre <b>TEMPO REALE TOUR<\/b> prosegue fino alla fine di novembre.<\/p>\n<p><b>Questo il calendario completo di TEMPO REALE TOUR, prodotto da F&amp;P Group:<\/b><\/p>\n<p><b style=\"line-height: 1.5em;\">12 OTTOBRE, BOLOGNA &#8211; TEATRO EUROPAUDITORIUM<br \/>\n<\/b><b><span style=\"color: #ff0000;\">14 OTTOBRE, VARESE, TEATRO DI VARESE<\/span><br \/>\n<\/b><b>16 OTTOBRE, MANTOVA &#8211; GRAN TEATRO PALABAM<br \/>\n<\/b><b>17 OTTOBRE, BERGAMO &#8211; TEATRO CREBERG<br \/>\n<\/b><b>18 OTTOBRE, BRESCIA &#8211; TEATRO DI BRESCIA &#8211; <span style=\"color: #ff0000;\">SOLD OUT<br \/>\n<\/span><\/b><b><span style=\"color: #ff0000;\">20 OTTOBRE, MILANO \u2013 TEATRO DEGLI ARCIMBOLDI<\/span><br \/>\n<\/b><b>21 OTTOBRE, GENOVA &#8211; TEATRO POLITEAMA GENOVESE<br \/>\n<\/b><b><span style=\"color: #ff0000;\">23 OTTOBRE, BERGAMO &#8211; TEATRO CREBERG<\/span><br \/>\n<\/b><b>24 OTTOBRE, TRENTO \u2013 AUDITORIUM SANTA CHIARA<br \/>\n<\/b><b>25 OTTOBRE, PADOVA &#8211; GRAN TEATRO GEOX<span style=\"text-decoration: underline;\"><br \/>\n<\/span><\/b><span style=\"color: #ff0000;\"><b>27 OTTOBRE, BERGAMO &#8211; TEATRO CREBERG \u00a0(TERZA DATA)<br \/>\n<\/b><\/span><b><span style=\"color: #ff0000;\">28 OTTOBRE, MANTOVA &#8211; GRAN TEATRO PALABAM (SECONDA DATA)<\/span><span style=\"text-decoration: underline;\"><br \/>\n<\/span><\/b><b>30 OTTOBRE, ROMA \u2013 AUDITORIUM PARCO DELLA MUSICA<br \/>\n<\/b><b style=\"line-height: 1.5em;\">03 NOVEMBRE, TORINO &#8211; TEATRO COLOSSEO<br \/>\n<\/b><span style=\"color: #ff0000;\"><b>04 NOVEMBRE , BORGOSESIA \u2013 VC \u2013 TEATRO PRO LOCO<br \/>\n<\/b><\/span><b><span style=\"color: #ff0000;\">05 NOVEMBRE , BRESCIA \u2013 TEATRO DI BRESCIA \u2013 PALABANCO<\/span><br \/>\n<\/b><b>07 NOVEMBRE, SANREMO \u2013 TEATRO ARISTON<br \/>\n<\/b><b>08 NOVEMBRE, FIRENZE <b>\u2013<\/b>\u00a0TEATRO VERDI<br \/>\n<\/b><b>09 NOVEMBRE, PARMA \u2013 TEATRO REGIO<br \/>\n<\/b><b>11 NOVEMBRE, SENIGALLIA \u2013TEATRO LA FENICE<br \/>\n<\/b><b>13 NOVEMBRE, PESCARA &#8211; TEATRO MASSIMO<br \/>\n<\/b><b>14 NOVEMBRE, BARI &#8211; TEATRO TEAM<br \/>\n<\/b><b>15 NOVEMBRE, LECCE &#8211; TEATRO POLITEAMA GRECO<br \/>\n<\/b><b>18 NOVEMBRE, NAPOLI &#8211; TEATRO AUGUSTEO<br \/>\n<\/b><b>20 NOVEMBRE, CATANZARO, TEATRO POLITEAMA<br \/>\n<\/b><b>21 NOVEMBRE, CATANIA \u2013 TEATRO METROPOLITAN<br \/>\n<\/b><b>22 NOVEMBRE, PALERMO <b>\u2013<\/b>\u00a0TEATRO POLITEAMA GARIBALDI<br \/>\n<\/b><span style=\"color: #ff0000;\"><b style=\"line-height: 1.5em;\">24 NOVEMBRE, BOLOGNA <b>\u2013<\/b>\u00a0TEATRO EUROPAUDITORIUM (SECONDA DATA)<br \/>\n<\/b><b>26 NOVEMBRE, FIRENZE <b>\u2013<\/b>\u00a0TEATRO VERDI (SECONDA DATA)<br \/>\n<\/b><b>27 NOVEMBRE, BRESCIA <b>\u2013<\/b>\u00a0TEATRO DI BRESCIA \u2013 PALABANCO (TERZA DATA)<br \/>\n<\/b><b>29 NOVEMBRE, MILANO <b>\u2013<\/b>\u00a0TEATRO DEGLI ARCIMBOLDI (TERZA DATA)<br \/>\n<\/b><b>30 NOVEMBRE, PADOVA <b>\u2013<\/b>\u00a0GRAN TEATRO GEOX<\/b><b> <\/b><b>(SECONDA DATA)<\/b><\/span><\/p>\n<p><b>\u00a0<\/b><\/p>\n<p><b>FRANCESCO RENGA &#8211; \u201cTEMPO REALE TOUR\u201d &#8211; <\/b><b>INFO BIGLIETTI &#8211; <\/b><b><a href=\"http:\/\/www.fepgroup.it\/\">www.fepgroup.it<\/a><\/b><\/p>\n<p>RTL 102.5 \u00e8 la radio partner ufficiale di \u201cTEMPO REALE TOUR<\/p>\n","protected":false},"excerpt":{"rendered":"<p>FRANCESCO RENGA CONTINUA LO STRAORDINARIO SUCCESSO DI TEMPO REALE TOUR DOPO SOLD OUT E NUOVE DATE ANCHE PADOVA RADDOPPIA IL 30 NOVEMBRE AL GRAN TEATRO GEOX \u00a0\u201cIL MIO GIORNO PIU\u2019 BELLO NEL MONDO\u201d CONQUISTA IL DISCO DI PLATINO Mentre \u00e8&hellip;<\/p>\n","protected":false},"author":2,"featured_media":0,"comment_status":"closed","ping_status":"closed","sticky":false,"template":"","format":"standard","meta":{"_exactmetrics_skip_tracking":false,"_exactmetrics_sitenote_active":false,"_exactmetrics_sitenote_note":"","_exactmetrics_sitenote_category":0,"footnotes":""},"categories":[20],"tags":[83,89,84,21,128,116],"post_series":[],"class_list":["post-509","post","type-post","status-publish","format-standard","hentry","category-notizie","tag-concerti","tag-concerto","tag-date","tag-francesco-renga","tag-padova","tag-tempo-reale-tour","entry","no-media"],"_links":{"self":[{"href":"https:\/\/francescorenga.it\/ita\/wp-json\/wp\/v2\/posts\/509","targetHints":{"allow":["GET"]}}],"collection":[{"href":"https:\/\/francescorenga.it\/ita\/wp-json\/wp\/v2\/posts"}],"about":[{"href":"https:\/\/francescorenga.it\/ita\/wp-json\/wp\/v2\/types\/post"}],"author":[{"embeddable":true,"href":"https:\/\/francescorenga.it\/ita\/wp-json\/wp\/v2\/users\/2"}],"replies":[{"embeddable":true,"href":"https:\/\/francescorenga.it\/ita\/wp-json\/wp\/v2\/comments?post=509"}],"version-history":[{"count":1,"href":"https:\/\/francescorenga.it\/ita\/wp-json\/wp\/v2\/posts\/509\/revisions"}],"predecessor-version":[{"id":510,"href":"https:\/\/francescorenga.it\/ita\/wp-json\/wp\/v2\/posts\/509\/revisions\/510"}],"wp:attachment":[{"href":"https:\/\/francescorenga.it\/ita\/wp-json\/wp\/v2\/media?parent=509"}],"wp:term":[{"taxonomy":"category","embeddable":true,"href":"https:\/\/francescorenga.it\/ita\/wp-json\/wp\/v2\/categories?post=509"},{"taxonomy":"post_tag","embeddable":true,"href":"https:\/\/francescorenga.it\/ita\/wp-json\/wp\/v2\/tags?post=509"},{"taxonomy":"post_series","embeddable":true,"href":"https:\/\/francescorenga.it\/ita\/wp-json\/wp\/v2\/post_series?post=509"}],"curies":[{"name":"wp","href":"https:\/\/api.w.org\/{rel}","templated":true}]}}