{"id":992,"date":"2016-06-01T12:04:50","date_gmt":"2016-06-01T10:04:50","guid":{"rendered":"http:\/\/francescorenga.it\/ita\/?p=992"},"modified":"2016-06-01T12:07:28","modified_gmt":"2016-06-01T10:07:28","slug":"francesco-renga-radio-italia-live-concerto-2016","status":"publish","type":"post","link":"https:\/\/francescorenga.it\/ita\/2016\/06\/01\/francesco-renga-radio-italia-live-concerto-2016\/","title":{"rendered":"Radio Italia Live"},"content":{"rendered":"<p style=\"text-align: center;\"><a href=\"http:\/\/francescorenga.it\/ita\/wp-content\/uploads\/2016\/06\/rilive2016.jpg\"><img loading=\"lazy\" decoding=\"async\" class=\"aligncenter  wp-image-993\" alt=\"rilive2016 radio italia live 2016\" src=\"http:\/\/francescorenga.it\/ita\/wp-content\/uploads\/2016\/06\/rilive2016.jpg\" width=\"596\" height=\"221\" srcset=\"https:\/\/francescorenga.it\/ita\/wp-content\/uploads\/2016\/06\/rilive2016.jpg 851w, https:\/\/francescorenga.it\/ita\/wp-content\/uploads\/2016\/06\/rilive2016-300x111.jpg 300w, https:\/\/francescorenga.it\/ita\/wp-content\/uploads\/2016\/06\/rilive2016-125x46.jpg 125w\" sizes=\"auto, (max-width: 596px) 100vw, 596px\" \/><\/a><\/p>\n<p>Francesco sar\u00e0 tra gli ospiti dell&#8217;edizione 2016 di <strong>RadioItaliaLive &#8211; Il Concerto<\/strong>.<\/p>\n<p>Mercoled\u00ec 08 e Gioved\u00ec 09 Giugno piazza Duomo a <strong>Milano<\/strong> ospiter\u00e0 questo grande evento musicale che vedr\u00e0 esibirsi sul palco\u00a0alcuni dei pi\u00f9 grandi e amati nomi della musica italiana: accompagnati dalla &#8220;Orchestra Filarmonica Italiana&#8221; diretta dal M\u00b0 Bruno Santori,\u00a0Presentano Luca Bizzarri e Paolo Kessisoglu.<\/p>\n<p>&#8220;RadioItaliaLive \u2013 Il Concerto&#8221; sar\u00e0 trasmesso in\u00a0<strong>diretta contemporanea<\/strong>\u00a0su Radio Italia, RadioItalia Tv (canale 70 DTT, canale 725 SKY, canale 35 TvSat) e in streaming audio\/video su radioitalia.it.<\/p>\n<p>Tutte le informazioni sul sito <span style=\"text-decoration: underline; color: #00ccff;\"><a title=\"radio italia live il concerto\" href=\"http:\/\/www.radioitalia.it\/RadioItaliaLive_IlConcerto2016\" target=\"_blank\"><span style=\"color: #00ccff; text-decoration: underline;\">radioitalia.it<\/span><\/a><\/span><\/p>\n","protected":false},"excerpt":{"rendered":"<p>Francesco sar\u00e0 tra gli ospiti dell&#8217;edizione 2016 di RadioItaliaLive &#8211; Il Concerto. Mercoled\u00ec 08 e Gioved\u00ec 09 Giugno piazza Duomo a Milano ospiter\u00e0 questo grande evento musicale che vedr\u00e0 esibirsi sul palco\u00a0alcuni dei pi\u00f9 grandi e amati nomi della musica&hellip;<\/p>\n","protected":false},"author":2,"featured_media":0,"comment_status":"closed","ping_status":"closed","sticky":false,"template":"","format":"standard","meta":{"_exactmetrics_skip_tracking":false,"_exactmetrics_sitenote_active":false,"_exactmetrics_sitenote_note":"","_exactmetrics_sitenote_category":0,"footnotes":""},"categories":[55,20],"tags":[],"post_series":[],"class_list":["post-992","post","type-post","status-publish","format-standard","hentry","category-appuntamenti","category-notizie","entry","no-media"],"_links":{"self":[{"href":"https:\/\/francescorenga.it\/ita\/wp-json\/wp\/v2\/posts\/992","targetHints":{"allow":["GET"]}}],"collection":[{"href":"https:\/\/francescorenga.it\/ita\/wp-json\/wp\/v2\/posts"}],"about":[{"href":"https:\/\/francescorenga.it\/ita\/wp-json\/wp\/v2\/types\/post"}],"author":[{"embeddable":true,"href":"https:\/\/francescorenga.it\/ita\/wp-json\/wp\/v2\/users\/2"}],"replies":[{"embeddable":true,"href":"https:\/\/francescorenga.it\/ita\/wp-json\/wp\/v2\/comments?post=992"}],"version-history":[{"count":3,"href":"https:\/\/francescorenga.it\/ita\/wp-json\/wp\/v2\/posts\/992\/revisions"}],"predecessor-version":[{"id":995,"href":"https:\/\/francescorenga.it\/ita\/wp-json\/wp\/v2\/posts\/992\/revisions\/995"}],"wp:attachment":[{"href":"https:\/\/francescorenga.it\/ita\/wp-json\/wp\/v2\/media?parent=992"}],"wp:term":[{"taxonomy":"category","embeddable":true,"href":"https:\/\/francescorenga.it\/ita\/wp-json\/wp\/v2\/categories?post=992"},{"taxonomy":"post_tag","embeddable":true,"href":"https:\/\/francescorenga.it\/ita\/wp-json\/wp\/v2\/tags?post=992"},{"taxonomy":"post_series","embeddable":true,"href":"https:\/\/francescorenga.it\/ita\/wp-json\/wp\/v2\/post_series?post=992"}],"curies":[{"name":"wp","href":"https:\/\/api.w.org\/{rel}","templated":true}]}}