{"id":997,"date":"2016-06-07T11:36:22","date_gmt":"2016-06-07T09:36:22","guid":{"rendered":"http:\/\/francescorenga.it\/ita\/?p=997"},"modified":"2016-06-07T11:43:26","modified_gmt":"2016-06-07T09:43:26","slug":"scrivero-il-tuo-nome-disco-doro-e-nuove-date-nei-palasport","status":"publish","type":"post","link":"https:\/\/francescorenga.it\/ita\/2016\/06\/07\/scrivero-il-tuo-nome-disco-doro-e-nuove-date-nei-palasport\/","title":{"rendered":"Disco D\u2019oro e Nuove Date nei Palasport!"},"content":{"rendered":"<h4 style=\"text-align: center;\"><b>FRANCESCO RENGA<\/b><\/h4>\n<h4 style=\"text-align: center;\"><b><i>\u201cSCRIVERO\u2019 IL TUO NOME\u201d\u00a0<\/i><\/b><\/h4>\n<h4 style=\"text-align: center;\"><b>DISCO D\u2019ORO IN SOLE 6 SETTIMANE!<\/b><\/h4>\n<h5 style=\"text-align: center;\"><b>STASERA ALL\u2019ARENA DI VERONA PROTAGONISTA DEI WIND MUSIC AWARD\u00a0<\/b><\/h5>\n<h5 style=\"text-align: center;\"><b>SI AGGIUNGONO DUE NUOVE DATE \u00a0<\/b><b>AL TOUR NEI PALASPORT DI OTTOBRE\u00a0<\/b><\/h5>\n<h5 style=\"text-align: center;\"><b>IL 20 A PADOVA E IL 23 A BARI<\/b><\/h5>\n<p>&nbsp;<\/p>\n<p><b>\u201cScriver\u00f2 il tuo nome\u201d <\/b>(Sony Music)<b>, il nuovo album di inediti di Francesco Renga, balzato subito ai vertici di tutte le classifiche di vendita \u00e8 <i>DISCO d\u2019ORO<\/i> in sole sei settimane!<\/b><\/p>\n<p>\u201c<i>\u00c8 meraviglioso quando il lavoro, la passione, l&#8217;entusiasmo, l&#8217;impegno vengono ricambiati in questo modo e in cos\u00ec poco tempo, e quell&#8217;amore che avevi messo in circolo ti torna indietro ancora pi\u00f9 forte e chiaro. Quando capisci di essere connesso al mondo che ti circonda e la tua voce \u00e8 diventata un coro&#8230; Allora puoi solo dire grazie perch\u00e9 la tua felicit\u00e0 diventi piena veramente&#8230;\u201d<\/i><\/p>\n<p><b>Francesco Renga sar\u00e0 tra i protagonisti dei Wind Music Awards, stasera all\u2019Arena di Verona verr\u00e0 premiato per il successo di \u201cScriver\u00f2 il tuo nome\u201d <\/b>e presenter\u00e0 live al pubblico il nuovo singolo \u201cIl Bene\u201d, in rotazione radiofonica dal 3 giugno.<\/p>\n<p><b>Il videoclip de <i>\u201cIL BENE\u201d<\/i><\/b>, firmato da Gaetano Morbioli, <b>\u00e8 disponibile da oggi sul canale ufficiale Vevo di Francesco, <\/b>che sceglie<b> <\/b>come cornice per il brano le lunghe spiagge affollate di Venice Beach, il tramonto sul porto di Santa Monica, le strade affollate della citt\u00e0 di L.A. e i vivaci colori di Las Vegas.<\/p>\n<p><b>Si arricchisce di due nuove date il tour nei palasport di ottobre.<\/b> Ai gi\u00e0 annunciati appuntamenti live, il 15 ottobre al Mediolanum forum di Assago a Milano e il 22 ottobre al Palalottomatica di Roma, si aggiungono i concerti il 20 ottobre alla Kioene Arena (ex PalaFabris) di Padova e il 23 ottobre al Palaflorio di Bari.<\/p>\n<p>Le prevendite per i nuovi appuntamenti live di Francesco Renga apriranno mercoled\u00ec 8 giugno alle ore 16.00 su Ticketone.it e circuiti abituali. Info: <i>Fepgroup.it<\/i><\/p>\n<p><a href=\"http:\/\/francescorenga.it\/ita\/wp-content\/uploads\/2016\/04\/scriver\u00f2-il-tuo-nome-copertina-web2.png\"><img loading=\"lazy\" decoding=\"async\" class=\" wp-image-905 alignnone\" alt=\"francesco renga scriver\u00f2 il tuo nome\" src=\"http:\/\/francescorenga.it\/ita\/wp-content\/uploads\/2016\/04\/scriver\u00f2-il-tuo-nome-copertina-web2.png\" width=\"900\" height=\"900\" srcset=\"https:\/\/francescorenga.it\/ita\/wp-content\/uploads\/2016\/04\/scriver\u00f2-il-tuo-nome-copertina-web2.png 1500w, https:\/\/francescorenga.it\/ita\/wp-content\/uploads\/2016\/04\/scriver\u00f2-il-tuo-nome-copertina-web2-150x150.png 150w, https:\/\/francescorenga.it\/ita\/wp-content\/uploads\/2016\/04\/scriver\u00f2-il-tuo-nome-copertina-web2-300x300.png 300w, https:\/\/francescorenga.it\/ita\/wp-content\/uploads\/2016\/04\/scriver\u00f2-il-tuo-nome-copertina-web2-250x250.png 250w, https:\/\/francescorenga.it\/ita\/wp-content\/uploads\/2016\/04\/scriver\u00f2-il-tuo-nome-copertina-web2-125x125.png 125w, https:\/\/francescorenga.it\/ita\/wp-content\/uploads\/2016\/04\/scriver\u00f2-il-tuo-nome-copertina-web2-600x600.png 600w\" sizes=\"auto, (max-width: 900px) 100vw, 900px\" \/><\/a><\/p>\n","protected":false},"excerpt":{"rendered":"<p>FRANCESCO RENGA \u201cSCRIVERO\u2019 IL TUO NOME\u201d\u00a0 DISCO D\u2019ORO IN SOLE 6 SETTIMANE! STASERA ALL\u2019ARENA DI VERONA PROTAGONISTA DEI WIND MUSIC AWARD\u00a0 SI AGGIUNGONO DUE NUOVE DATE \u00a0AL TOUR NEI PALASPORT DI OTTOBRE\u00a0 IL 20 A PADOVA E IL 23 A&hellip;<\/p>\n","protected":false},"author":2,"featured_media":0,"comment_status":"closed","ping_status":"closed","sticky":false,"template":"","format":"standard","meta":{"_exactmetrics_skip_tracking":false,"_exactmetrics_sitenote_active":false,"_exactmetrics_sitenote_note":"","_exactmetrics_sitenote_category":0,"footnotes":""},"categories":[20],"tags":[],"post_series":[],"class_list":["post-997","post","type-post","status-publish","format-standard","hentry","category-notizie","entry","no-media"],"_links":{"self":[{"href":"https:\/\/francescorenga.it\/ita\/wp-json\/wp\/v2\/posts\/997","targetHints":{"allow":["GET"]}}],"collection":[{"href":"https:\/\/francescorenga.it\/ita\/wp-json\/wp\/v2\/posts"}],"about":[{"href":"https:\/\/francescorenga.it\/ita\/wp-json\/wp\/v2\/types\/post"}],"author":[{"embeddable":true,"href":"https:\/\/francescorenga.it\/ita\/wp-json\/wp\/v2\/users\/2"}],"replies":[{"embeddable":true,"href":"https:\/\/francescorenga.it\/ita\/wp-json\/wp\/v2\/comments?post=997"}],"version-history":[{"count":5,"href":"https:\/\/francescorenga.it\/ita\/wp-json\/wp\/v2\/posts\/997\/revisions"}],"predecessor-version":[{"id":1002,"href":"https:\/\/francescorenga.it\/ita\/wp-json\/wp\/v2\/posts\/997\/revisions\/1002"}],"wp:attachment":[{"href":"https:\/\/francescorenga.it\/ita\/wp-json\/wp\/v2\/media?parent=997"}],"wp:term":[{"taxonomy":"category","embeddable":true,"href":"https:\/\/francescorenga.it\/ita\/wp-json\/wp\/v2\/categories?post=997"},{"taxonomy":"post_tag","embeddable":true,"href":"https:\/\/francescorenga.it\/ita\/wp-json\/wp\/v2\/tags?post=997"},{"taxonomy":"post_series","embeddable":true,"href":"https:\/\/francescorenga.it\/ita\/wp-json\/wp\/v2\/post_series?post=997"}],"curies":[{"name":"wp","href":"https:\/\/api.w.org\/{rel}","templated":true}]}}